{"id":51090,"date":"2020-12-17T14:57:44","date_gmt":"2020-12-17T13:57:44","guid":{"rendered":"https:\/\/schwarzmueller.com\/spendenaktion-der-schwarzmueller-mitarbeiter-innen\/"},"modified":"2025-12-01T14:46:07","modified_gmt":"2025-12-01T13:46:07","slug":"spendenaktion-der-schwarzmueller-mitarbeiter-innen","status":"publish","type":"post","link":"https:\/\/schwarzmueller.com\/de\/spendenaktion-der-schwarzmueller-mitarbeiter-innen\/","title":{"rendered":"Spendenaktion der Schwarzm\u00fcller Mitarbeiter\/innen"},"content":{"rendered":"\n<p>Bereits zum 4. Mal fand heuer die Spendenaktion \u201eGemeinsam in der Region helfen\u201c statt. Es wurden Kripperl aus Edelstahl gefertigt und f\u00fcr die Mitarbeiter\/innen zum Verkauf angeboten.<\/p>\n\n\n\n<p>Als ober\u00f6sterreichischer Leitbetrieb sieht es die Gesch\u00e4ftsleitung von Schwarzm\u00fcller als seine Aufgabe, auch gesellschaftliche Verantwortung zu tragen. Daher wurde wieder das komplette Material und auch die Arbeitszeiten f\u00fcr diese tolle Aktion kostenfrei zur Verf\u00fcgung gestellt.<\/p>\n\n\n\n<p>Zitat von Herrn CEO Hartwig: \u201eIn herausfordernden Zeiten wie diesen ist es sehr wichtig, neben dem normalen Gesch\u00e4ft auch die soziale Verantwortung, welche wir als ober\u00f6sterreichischer Leitbetrieb haben, nicht zu vergessen.\u201c<\/p>\n\n\n\n<p>Trotz der derzeit schwierigen Allgemeinsituation ist es um so sch\u00f6ner, dass heuer eine gro\u00dfe Spendensumme gesammelt werden konnte. Die Spendensumme wird wie folgt aufgeteilt:<\/p>\n\n\n\n<ul class=\"wp-block-list\">\n<li>Die Sozialdienstgruppe Freinberg darf sich \u00fcber eine Spende freuen. Mit diesem Geld werden Pflegebetten und Pflegehilfsmittel angeschafft, welche der gesamten Gemeindebev\u00f6lkerung kostenfrei zur Verf\u00fcgung stehen.\u00a0<br>\u00a0<\/li>\n\n\n\n<li>Das Krone Christkind wird mit einer Spende unterst\u00fctzt, um dem 4j\u00e4hrigen Collin und seiner Mutter Sandra ein klein wenig Hoffnung zu schenken.<\/li>\n<\/ul>\n","protected":false},"excerpt":{"rendered":"<p>Bereits zum 4. Mal fand heuer die Spendenaktion \u201eGemeinsam in der Region helfen\u201c statt. Es wurden Kripperl aus Edelstahl gefertigt und f\u00fcr die Mitarbeiter\/innen zum Verkauf angeboten. Als ober\u00f6sterreichischer Leitbetrieb sieht es die Gesch\u00e4ftsleitung von Schwarzm\u00fcller als seine Aufgabe, auch gesellschaftliche Verantwortung zu tragen. Daher wurde wieder das komplette Material und auch die Arbeitszeiten f\u00fcr [&hellip;]<\/p>\n","protected":false},"author":5,"featured_media":89775,"comment_status":"closed","ping_status":"open","sticky":false,"template":"","format":"standard","meta":{"_acf_changed":false,"_relevanssi_hide_post":"","_relevanssi_hide_content":"","_relevanssi_pin_for_all":"","_relevanssi_pin_keywords":"","_relevanssi_unpin_keywords":"","_relevanssi_related_keywords":"","_relevanssi_related_include_ids":"","_relevanssi_related_exclude_ids":"","_relevanssi_related_no_append":"","_relevanssi_related_not_related":"","_relevanssi_related_posts":"51118,51151,51152,51045,51142,51149","_relevanssi_noindex_reason":"","footnotes":""},"categories":[1],"tags":[],"class_list":["post-51090","post","type-post","status-publish","format-standard","has-post-thumbnail","hentry","category-beitrag"],"acf":[],"yoast_head":"<!-- This site is optimized with the Yoast SEO Premium plugin v26.4 (Yoast SEO v27.2) - https:\/\/yoast.com\/product\/yoast-seo-premium-wordpress\/ -->\n<title>Spendenaktion der Schwarzm\u00fcller Mitarbeiter\/innen - Schwarzm\u00fcller<\/title>\n<meta name=\"robots\" content=\"index, follow, max-snippet:-1, max-image-preview:large, max-video-preview:-1\" \/>\n<link rel=\"canonical\" href=\"https:\/\/schwarzmueller.com\/de\/spendenaktion-der-schwarzmueller-mitarbeiter-innen\/\" \/>\n<meta property=\"og:locale\" content=\"de_DE\" \/>\n<meta property=\"og:type\" content=\"article\" \/>\n<meta property=\"og:title\" content=\"Spendenaktion der Schwarzm\u00fcller Mitarbeiter\/innen\" \/>\n<meta property=\"og:description\" content=\"Bereits zum 4. Mal fand heuer die Spendenaktion \u201eGemeinsam in der Region helfen\u201c statt. Es wurden Kripperl aus Edelstahl gefertigt und f\u00fcr die Mitarbeiter\/innen zum Verkauf angeboten. Als ober\u00f6sterreichischer Leitbetrieb sieht es die Gesch\u00e4ftsleitung von Schwarzm\u00fcller als seine Aufgabe, auch gesellschaftliche Verantwortung zu tragen. Daher wurde wieder das komplette Material und auch die Arbeitszeiten f\u00fcr [&hellip;]\" \/>\n<meta property=\"og:url\" content=\"https:\/\/schwarzmueller.com\/de\/spendenaktion-der-schwarzmueller-mitarbeiter-innen\/\" \/>\n<meta property=\"og:site_name\" content=\"Schwarzm\u00fcller\" \/>\n<meta property=\"article:published_time\" content=\"2020-12-17T13:57:44+00:00\" \/>\n<meta property=\"article:modified_time\" content=\"2025-12-01T13:46:07+00:00\" \/>\n<meta property=\"og:image\" content=\"https:\/\/schwarzmueller.com\/wp-content\/uploads\/2019\/07\/schwarzmueller-aktuelles-img-allgemein-01.jpg\" \/>\n\t<meta property=\"og:image:width\" content=\"1920\" \/>\n\t<meta property=\"og:image:height\" content=\"1280\" \/>\n\t<meta property=\"og:image:type\" content=\"image\/jpeg\" \/>\n<meta name=\"author\" content=\"hamed jenabi\" \/>\n<meta name=\"twitter:card\" content=\"summary_large_image\" \/>\n<meta name=\"twitter:label1\" content=\"Verfasst von\" \/>\n\t<meta name=\"twitter:data1\" content=\"hamed jenabi\" \/>\n\t<meta name=\"twitter:label2\" content=\"Gesch\u00e4tzte Lesezeit\" \/>\n\t<meta name=\"twitter:data2\" content=\"1\u00a0Minute\" \/>\n<script type=\"application\/ld+json\" class=\"yoast-schema-graph\">{\"@context\":\"https:\/\/schema.org\",\"@graph\":[{\"@type\":\"Article\",\"@id\":\"https:\/\/schwarzmueller.com\/de\/spendenaktion-der-schwarzmueller-mitarbeiter-innen\/#article\",\"isPartOf\":{\"@id\":\"https:\/\/schwarzmueller.com\/de\/spendenaktion-der-schwarzmueller-mitarbeiter-innen\/\"},\"author\":{\"name\":\"hamed jenabi\",\"@id\":\"https:\/\/schwarzmueller.com\/en\/#\/schema\/person\/1b3f17db980ba882a67bf06e04f3e9f9\"},\"headline\":\"Spendenaktion der Schwarzm\u00fcller Mitarbeiter\/innen\",\"datePublished\":\"2020-12-17T13:57:44+00:00\",\"dateModified\":\"2025-12-01T13:46:07+00:00\",\"mainEntityOfPage\":{\"@id\":\"https:\/\/schwarzmueller.com\/de\/spendenaktion-der-schwarzmueller-mitarbeiter-innen\/\"},\"wordCount\":184,\"publisher\":{\"@id\":\"https:\/\/schwarzmueller.com\/en\/#organization\"},\"image\":{\"@id\":\"https:\/\/schwarzmueller.com\/de\/spendenaktion-der-schwarzmueller-mitarbeiter-innen\/#primaryimage\"},\"thumbnailUrl\":\"https:\/\/schwarzmueller.com\/wp-content\/uploads\/2019\/07\/schwarzmueller-aktuelles-img-allgemein-01.jpg\",\"articleSection\":[\"beitrag\"],\"inLanguage\":\"de\"},{\"@type\":\"WebPage\",\"@id\":\"https:\/\/schwarzmueller.com\/de\/spendenaktion-der-schwarzmueller-mitarbeiter-innen\/\",\"url\":\"https:\/\/schwarzmueller.com\/de\/spendenaktion-der-schwarzmueller-mitarbeiter-innen\/\",\"name\":\"Spendenaktion der Schwarzm\u00fcller Mitarbeiter\/innen - Schwarzm\u00fcller\",\"isPartOf\":{\"@id\":\"https:\/\/schwarzmueller.com\/en\/#website\"},\"primaryImageOfPage\":{\"@id\":\"https:\/\/schwarzmueller.com\/de\/spendenaktion-der-schwarzmueller-mitarbeiter-innen\/#primaryimage\"},\"image\":{\"@id\":\"https:\/\/schwarzmueller.com\/de\/spendenaktion-der-schwarzmueller-mitarbeiter-innen\/#primaryimage\"},\"thumbnailUrl\":\"https:\/\/schwarzmueller.com\/wp-content\/uploads\/2019\/07\/schwarzmueller-aktuelles-img-allgemein-01.jpg\",\"datePublished\":\"2020-12-17T13:57:44+00:00\",\"dateModified\":\"2025-12-01T13:46:07+00:00\",\"breadcrumb\":{\"@id\":\"https:\/\/schwarzmueller.com\/de\/spendenaktion-der-schwarzmueller-mitarbeiter-innen\/#breadcrumb\"},\"inLanguage\":\"de\",\"potentialAction\":[{\"@type\":\"ReadAction\",\"target\":[\"https:\/\/schwarzmueller.com\/de\/spendenaktion-der-schwarzmueller-mitarbeiter-innen\/\"]}]},{\"@type\":\"ImageObject\",\"inLanguage\":\"de\",\"@id\":\"https:\/\/schwarzmueller.com\/de\/spendenaktion-der-schwarzmueller-mitarbeiter-innen\/#primaryimage\",\"url\":\"https:\/\/schwarzmueller.com\/wp-content\/uploads\/2019\/07\/schwarzmueller-aktuelles-img-allgemein-01.jpg\",\"contentUrl\":\"https:\/\/schwarzmueller.com\/wp-content\/uploads\/2019\/07\/schwarzmueller-aktuelles-img-allgemein-01.jpg\",\"width\":1920,\"height\":1280},{\"@type\":\"BreadcrumbList\",\"@id\":\"https:\/\/schwarzmueller.com\/de\/spendenaktion-der-schwarzmueller-mitarbeiter-innen\/#breadcrumb\",\"itemListElement\":[{\"@type\":\"ListItem\",\"position\":1,\"name\":\"Home\",\"item\":\"https:\/\/schwarzmueller.com\/de\/home\/\"},{\"@type\":\"ListItem\",\"position\":2,\"name\":\"Spendenaktion der Schwarzm\u00fcller Mitarbeiter\/innen\"}]},{\"@type\":\"WebSite\",\"@id\":\"https:\/\/schwarzmueller.com\/en\/#website\",\"url\":\"https:\/\/schwarzmueller.com\/en\/\",\"name\":\"Schwarzm\u00fcller | Intelligente Fahrzeuge\",\"description\":\"Ganz auf exzellente Fahrzeugtechnik gebaut\",\"publisher\":{\"@id\":\"https:\/\/schwarzmueller.com\/en\/#organization\"},\"alternateName\":\"Schwarzm\u00fcller\",\"potentialAction\":[{\"@type\":\"SearchAction\",\"target\":{\"@type\":\"EntryPoint\",\"urlTemplate\":\"https:\/\/schwarzmueller.com\/en\/?s={search_term_string}\"},\"query-input\":{\"@type\":\"PropertyValueSpecification\",\"valueRequired\":true,\"valueName\":\"search_term_string\"}}],\"inLanguage\":\"de\"},{\"@type\":\"Organization\",\"@id\":\"https:\/\/schwarzmueller.com\/en\/#organization\",\"name\":\"Schwarzm\u00fcller\",\"url\":\"https:\/\/schwarzmueller.com\/en\/\",\"logo\":{\"@type\":\"ImageObject\",\"inLanguage\":\"de\",\"@id\":\"https:\/\/schwarzmueller.com\/en\/#\/schema\/logo\/image\/\",\"url\":\"https:\/\/schwarzmueller.com\/wp-content\/uploads\/2024\/05\/sm_icon_logo.svg\",\"contentUrl\":\"https:\/\/schwarzmueller.com\/wp-content\/uploads\/2024\/05\/sm_icon_logo.svg\",\"width\":1,\"height\":1,\"caption\":\"Schwarzm\u00fcller\"},\"image\":{\"@id\":\"https:\/\/schwarzmueller.com\/en\/#\/schema\/logo\/image\/\"}},{\"@type\":\"Person\",\"@id\":\"https:\/\/schwarzmueller.com\/en\/#\/schema\/person\/1b3f17db980ba882a67bf06e04f3e9f9\",\"name\":\"hamed jenabi\",\"url\":\"https:\/\/schwarzmueller.com\/de\/author\/hamed\/\"}]}<\/script>\n<!-- \/ Yoast SEO Premium plugin. -->","yoast_head_json":{"title":"Spendenaktion der Schwarzm\u00fcller Mitarbeiter\/innen - Schwarzm\u00fcller","robots":{"index":"index","follow":"follow","max-snippet":"max-snippet:-1","max-image-preview":"max-image-preview:large","max-video-preview":"max-video-preview:-1"},"canonical":"https:\/\/schwarzmueller.com\/de\/spendenaktion-der-schwarzmueller-mitarbeiter-innen\/","og_locale":"de_DE","og_type":"article","og_title":"Spendenaktion der Schwarzm\u00fcller Mitarbeiter\/innen","og_description":"Bereits zum 4. Mal fand heuer die Spendenaktion \u201eGemeinsam in der Region helfen\u201c statt. Es wurden Kripperl aus Edelstahl gefertigt und f\u00fcr die Mitarbeiter\/innen zum Verkauf angeboten. Als ober\u00f6sterreichischer Leitbetrieb sieht es die Gesch\u00e4ftsleitung von Schwarzm\u00fcller als seine Aufgabe, auch gesellschaftliche Verantwortung zu tragen. Daher wurde wieder das komplette Material und auch die Arbeitszeiten f\u00fcr [&hellip;]","og_url":"https:\/\/schwarzmueller.com\/de\/spendenaktion-der-schwarzmueller-mitarbeiter-innen\/","og_site_name":"Schwarzm\u00fcller","article_published_time":"2020-12-17T13:57:44+00:00","article_modified_time":"2025-12-01T13:46:07+00:00","og_image":[{"width":1920,"height":1280,"url":"https:\/\/schwarzmueller.com\/wp-content\/uploads\/2019\/07\/schwarzmueller-aktuelles-img-allgemein-01.jpg","type":"image\/jpeg"}],"author":"hamed jenabi","twitter_card":"summary_large_image","twitter_misc":{"Verfasst von":"hamed jenabi","Gesch\u00e4tzte Lesezeit":"1\u00a0Minute"},"schema":{"@context":"https:\/\/schema.org","@graph":[{"@type":"Article","@id":"https:\/\/schwarzmueller.com\/de\/spendenaktion-der-schwarzmueller-mitarbeiter-innen\/#article","isPartOf":{"@id":"https:\/\/schwarzmueller.com\/de\/spendenaktion-der-schwarzmueller-mitarbeiter-innen\/"},"author":{"name":"hamed jenabi","@id":"https:\/\/schwarzmueller.com\/en\/#\/schema\/person\/1b3f17db980ba882a67bf06e04f3e9f9"},"headline":"Spendenaktion der Schwarzm\u00fcller Mitarbeiter\/innen","datePublished":"2020-12-17T13:57:44+00:00","dateModified":"2025-12-01T13:46:07+00:00","mainEntityOfPage":{"@id":"https:\/\/schwarzmueller.com\/de\/spendenaktion-der-schwarzmueller-mitarbeiter-innen\/"},"wordCount":184,"publisher":{"@id":"https:\/\/schwarzmueller.com\/en\/#organization"},"image":{"@id":"https:\/\/schwarzmueller.com\/de\/spendenaktion-der-schwarzmueller-mitarbeiter-innen\/#primaryimage"},"thumbnailUrl":"https:\/\/schwarzmueller.com\/wp-content\/uploads\/2019\/07\/schwarzmueller-aktuelles-img-allgemein-01.jpg","articleSection":["beitrag"],"inLanguage":"de"},{"@type":"WebPage","@id":"https:\/\/schwarzmueller.com\/de\/spendenaktion-der-schwarzmueller-mitarbeiter-innen\/","url":"https:\/\/schwarzmueller.com\/de\/spendenaktion-der-schwarzmueller-mitarbeiter-innen\/","name":"Spendenaktion der Schwarzm\u00fcller Mitarbeiter\/innen - Schwarzm\u00fcller","isPartOf":{"@id":"https:\/\/schwarzmueller.com\/en\/#website"},"primaryImageOfPage":{"@id":"https:\/\/schwarzmueller.com\/de\/spendenaktion-der-schwarzmueller-mitarbeiter-innen\/#primaryimage"},"image":{"@id":"https:\/\/schwarzmueller.com\/de\/spendenaktion-der-schwarzmueller-mitarbeiter-innen\/#primaryimage"},"thumbnailUrl":"https:\/\/schwarzmueller.com\/wp-content\/uploads\/2019\/07\/schwarzmueller-aktuelles-img-allgemein-01.jpg","datePublished":"2020-12-17T13:57:44+00:00","dateModified":"2025-12-01T13:46:07+00:00","breadcrumb":{"@id":"https:\/\/schwarzmueller.com\/de\/spendenaktion-der-schwarzmueller-mitarbeiter-innen\/#breadcrumb"},"inLanguage":"de","potentialAction":[{"@type":"ReadAction","target":["https:\/\/schwarzmueller.com\/de\/spendenaktion-der-schwarzmueller-mitarbeiter-innen\/"]}]},{"@type":"ImageObject","inLanguage":"de","@id":"https:\/\/schwarzmueller.com\/de\/spendenaktion-der-schwarzmueller-mitarbeiter-innen\/#primaryimage","url":"https:\/\/schwarzmueller.com\/wp-content\/uploads\/2019\/07\/schwarzmueller-aktuelles-img-allgemein-01.jpg","contentUrl":"https:\/\/schwarzmueller.com\/wp-content\/uploads\/2019\/07\/schwarzmueller-aktuelles-img-allgemein-01.jpg","width":1920,"height":1280},{"@type":"BreadcrumbList","@id":"https:\/\/schwarzmueller.com\/de\/spendenaktion-der-schwarzmueller-mitarbeiter-innen\/#breadcrumb","itemListElement":[{"@type":"ListItem","position":1,"name":"Home","item":"https:\/\/schwarzmueller.com\/de\/home\/"},{"@type":"ListItem","position":2,"name":"Spendenaktion der Schwarzm\u00fcller Mitarbeiter\/innen"}]},{"@type":"WebSite","@id":"https:\/\/schwarzmueller.com\/en\/#website","url":"https:\/\/schwarzmueller.com\/en\/","name":"Schwarzm\u00fcller | Intelligente Fahrzeuge","description":"Ganz auf exzellente Fahrzeugtechnik gebaut","publisher":{"@id":"https:\/\/schwarzmueller.com\/en\/#organization"},"alternateName":"Schwarzm\u00fcller","potentialAction":[{"@type":"SearchAction","target":{"@type":"EntryPoint","urlTemplate":"https:\/\/schwarzmueller.com\/en\/?s={search_term_string}"},"query-input":{"@type":"PropertyValueSpecification","valueRequired":true,"valueName":"search_term_string"}}],"inLanguage":"de"},{"@type":"Organization","@id":"https:\/\/schwarzmueller.com\/en\/#organization","name":"Schwarzm\u00fcller","url":"https:\/\/schwarzmueller.com\/en\/","logo":{"@type":"ImageObject","inLanguage":"de","@id":"https:\/\/schwarzmueller.com\/en\/#\/schema\/logo\/image\/","url":"https:\/\/schwarzmueller.com\/wp-content\/uploads\/2024\/05\/sm_icon_logo.svg","contentUrl":"https:\/\/schwarzmueller.com\/wp-content\/uploads\/2024\/05\/sm_icon_logo.svg","width":1,"height":1,"caption":"Schwarzm\u00fcller"},"image":{"@id":"https:\/\/schwarzmueller.com\/en\/#\/schema\/logo\/image\/"}},{"@type":"Person","@id":"https:\/\/schwarzmueller.com\/en\/#\/schema\/person\/1b3f17db980ba882a67bf06e04f3e9f9","name":"hamed jenabi","url":"https:\/\/schwarzmueller.com\/de\/author\/hamed\/"}]}},"_links":{"self":[{"href":"https:\/\/schwarzmueller.com\/de\/wp-json\/wp\/v2\/posts\/51090","targetHints":{"allow":["GET"]}}],"collection":[{"href":"https:\/\/schwarzmueller.com\/de\/wp-json\/wp\/v2\/posts"}],"about":[{"href":"https:\/\/schwarzmueller.com\/de\/wp-json\/wp\/v2\/types\/post"}],"author":[{"embeddable":true,"href":"https:\/\/schwarzmueller.com\/de\/wp-json\/wp\/v2\/users\/5"}],"replies":[{"embeddable":true,"href":"https:\/\/schwarzmueller.com\/de\/wp-json\/wp\/v2\/comments?post=51090"}],"version-history":[{"count":2,"href":"https:\/\/schwarzmueller.com\/de\/wp-json\/wp\/v2\/posts\/51090\/revisions"}],"predecessor-version":[{"id":89801,"href":"https:\/\/schwarzmueller.com\/de\/wp-json\/wp\/v2\/posts\/51090\/revisions\/89801"}],"wp:featuredmedia":[{"embeddable":true,"href":"https:\/\/schwarzmueller.com\/de\/wp-json\/wp\/v2\/media\/89775"}],"wp:attachment":[{"href":"https:\/\/schwarzmueller.com\/de\/wp-json\/wp\/v2\/media?parent=51090"}],"wp:term":[{"taxonomy":"category","embeddable":true,"href":"https:\/\/schwarzmueller.com\/de\/wp-json\/wp\/v2\/categories?post=51090"},{"taxonomy":"post_tag","embeddable":true,"href":"https:\/\/schwarzmueller.com\/de\/wp-json\/wp\/v2\/tags?post=51090"}],"curies":[{"name":"wp","href":"https:\/\/api.w.org\/{rel}","templated":true}]}}