{"id":51080,"date":"2020-08-28T05:31:24","date_gmt":"2020-08-28T03:31:24","guid":{"rendered":"https:\/\/schwarzmueller.com\/leichter-sattelanhaenger-fuer-lang-lkw-jetzt-mit-ladungszertifikat\/"},"modified":"2024-08-14T14:22:10","modified_gmt":"2024-08-14T12:22:10","slug":"leichter-sattelanhaenger-fuer-lang-lkw-jetzt-mit-ladungszertifikat","status":"publish","type":"post","link":"https:\/\/schwarzmueller.com\/de\/leichter-sattelanhaenger-fuer-lang-lkw-jetzt-mit-ladungszertifikat\/","title":{"rendered":"Leichter Sattelanh\u00e4nger f\u00fcr Lang-LKW jetzt mit Ladungszertifikat"},"content":{"rendered":"\n<p><strong>Ladungssicherung in dynamischen Normtests best\u00e4tigt &#8211; Trotz \u00dcberl\u00e4nge leichter als k\u00fcrzeres Standardfahrzeug &#8211; Papiertransport im Schubboden ebenfalls ladungszertifiziert<\/strong><\/p>\n\n\n\n<p>Einen ungew\u00f6hnlichen Erfolg hat Schwarzm\u00fcller bei der Zertifizierung der Ladungssicherung f\u00fcr ein Fernverkehrsfahrzeug zu verzeichnen. Erstmals hat ein leichter Sattelanh\u00e4nger f\u00fcr Lang-LKW mit einer Ladefl\u00e4che von 14,98 Metern die Vorschriften der Ladungssicherheit in dynamischen Tests bestanden. \u201eDieser Sattelanh\u00e4nger ist leicht, lang und jetzt auch ladungszertifiziert! Wir beweisen damit einmal mehr unsere Kompetenz im Leichtbau\u201c, freute sich CEO Roland Hartwig heute, Donnerstag, den 27. August, bei der Bekanntgabe der Innovation am Unternehmenssitz Hanzing in der Gemeinde Freinberg bei Sch\u00e4rding (Ober\u00f6sterreich). Die Zertifizierung der Ladungssicherheit garantiere, so Hartwig, dass die Ladung ohne zus\u00e4tzliche Sicherungsma\u00dfnahmen transportiert werden k\u00f6nne.<\/p>\n\n\n\n<p>Der ladungszertifzierte Lang-Sattelanh\u00e4nger Typ 1 (verl\u00e4ngerter Sattelanh\u00e4nger, der in Deutschland f\u00fcr den Testbetrieb zugelassen ist, nicht aber in \u00d6sterreich) punktet mit seinem geringen Eigengewicht. Er wiegt um 200 Kilogramm weniger als ein Standardfahrzeug, obwohl er um 1,30 Meter l\u00e4nger ist. Er bietet aber nicht nur mehr Nutzlast, sondern durch seine \u00dcberl\u00e4nge auch mehr Ladevolumen \u2013 und bleibt dennoch stabil, wie es die dynamischen Ladungstests verlangen.<\/p>\n\n\n\n<p>F\u00fcr diesen Erfolg der Fahrzeugentwicklung ist unter anderem die Rahmengeometrie von Schwarzm\u00fcller verantwortlich. \u201eEs geht um die richtige Mischung aus Festigkeit und Flexibilit\u00e4t beim Einsatz von hochfesten St\u00e4hlen\u201c, sagte Hartwig. Diese werde durch die Form der Stahlprofile, deren spezielle Anordnung und die Qualit\u00e4t der Schwei\u00dfarbeit erreicht. Die jetzt gel\u00f6ste Aufgabe sei deshalb so anspruchsvoll, weil der Anh\u00e4nger hinter den Achsen verl\u00e4ngert wird, was die Anforderungen an die Stabilit\u00e4t deutlich erh\u00f6ht.<\/p>\n\n\n\n<p><strong>Hartwig: \u201eLeichtbau alleine wird nicht mehr reichen!\u201c<\/strong><\/p>\n\n\n\n<p>\u201eSoweit wir sehen, haben wir bisher als einziger Hersteller den Nachweis f\u00fcr Ladungssicherheit in dynamischen Testfahrten erbracht. Im Leichtbau ist also noch immer vieles m\u00f6glich\u201c, betonte Hartwig. Er sieht die Zukunft in der Verbindung von Leichtbau mit zus\u00e4tzlichen Nutzungsvorteilen. Leicht alleine wird seiner Ansicht nach nicht mehr reichen, um die besten Fahrzeuge auf dem Markt anbieten zu k\u00f6nnen. Deren Qualit\u00e4t werde zuk\u00fcnftig noch st\u00e4rker an der Produktivit\u00e4t gemessen, so Hartwig. Daran habe sich Schwarzm\u00fcller allerdings schon immer orientiert.<\/p>\n\n\n\n<p><strong>Papierrollen im Schubboden sicher transportieren<\/strong><\/p>\n\n\n\n<p>Ebenfalls neu ist der Einsatz des aktuellen Schwarzm\u00fcller Schubboden-Sattelanh\u00e4ngers f\u00fcr den Transport von Papierrollen. Es handelt sich dabei um eine typische Schwarzm\u00fcller L\u00f6sung f\u00fcr spezifische Branchenanforderungen. Hier beim Recycling von Altpapier: Zu den Papierfabriken wird das Altpapier als Sch\u00fcttgut transportiert \u2013 statt einer Leerfahrt k\u00f6nnen nun auf der R\u00fcckfahrt gleich fertige Papierrollen im Schubboden geladen werden. Papierrollen sind im Transport besonders sensibel, weil schon leichte Besch\u00e4digungen an den R\u00e4ndern die tonnenschweren Rollen unbrauchbar machen. Gelungen ist die nun abgenommene Beladung durch eine Konstruktion, mit der die Rollen, sogar in verschiedenen Gr\u00f6\u00dfen, direkt an der versteiften Vorderwand anliegen und so eine h\u00f6here Stabilit\u00e4t erreicht wird. Diese technische L\u00f6sung wurde f\u00fcr verschiedenste Verladef\u00e4lle gr\u00fcndlich im praktischen Einsatz gepr\u00fcft. Das Ergebnis: Die Ladungssicherheit wurde mit Zertifikat best\u00e4tigt.<\/p>\n\n\n\n<p><em>F\u00fcr weitere Informationen: <\/em><\/p>\n\n\n\n<p>Mag. Michael Prock, Prock und Prock Marktkommunikation GmbH, Pressesprecher<br>Rochusgasse 4, 5020 Salzburg, \u00d6sterreich<br>E-Mail: <a href=\"mailto:mp@prock-prock.at\">mp@prock-prock.at, <\/a>Tel.: +43 662 821155-0<br>___________________________________________________________________<\/p>\n\n\n\n<p>Die Schwarzm\u00fcller Gruppe ist einer der gr\u00f6\u00dften europ\u00e4ischen Anbieter f\u00fcr gezogene Nutzfahrzeuge. Das Unternehmen setzt durch seine Premiumausrichtung die Benchmarks der Branche und ist aufgrund der mehr als 140-j\u00e4hrigen Kompetenz der Spezialist fu\u0308r individuelle Transportl\u00f6sungen in anspruchsvollen Branchen. Mit Fahrzeugen der beiden Marken Schwarzm\u00fcller und H\u00fcffermann beliefert das Unternehmen die Bauwirtschaft, Infrastrukturunternehmen, die Rohstoff- und Wertstoffindustrie sowie Transportunternehmen im Fernverkehr.<\/p>\n","protected":false},"excerpt":{"rendered":"<ul>\n<li>Ladungssicherung in dynamischen Normtests best\u00e4tigt<\/li>\n<li>Trotz \u00dcberl\u00e4nge leichter als k\u00fcrzeres Standardfahrzeug<\/li>\n<li>Papiertransport im Schubboden ebenfalls ladungszertifiziert<\/li>\n<\/ul>\n","protected":false},"author":5,"featured_media":40536,"comment_status":"closed","ping_status":"open","sticky":false,"template":"","format":"standard","meta":{"_acf_changed":false,"_relevanssi_hide_post":"","_relevanssi_hide_content":"","_relevanssi_pin_for_all":"","_relevanssi_pin_keywords":"","_relevanssi_unpin_keywords":"","_relevanssi_related_keywords":"","_relevanssi_related_include_ids":"","_relevanssi_related_exclude_ids":"","_relevanssi_related_no_append":"","_relevanssi_related_not_related":"","_relevanssi_related_posts":"51151,51152,51118,51149,51150,51136","_relevanssi_noindex_reason":"","footnotes":""},"categories":[1],"tags":[],"class_list":["post-51080","post","type-post","status-publish","format-standard","has-post-thumbnail","hentry","category-beitrag"],"acf":[],"yoast_head":"<!-- This site is optimized with the Yoast SEO Premium plugin v26.4 (Yoast SEO v27.2) - https:\/\/yoast.com\/product\/yoast-seo-premium-wordpress\/ -->\n<title>Leichter Sattelanh\u00e4nger f\u00fcr Lang-LKW jetzt mit Ladungszertifikat - Schwarzm\u00fcller<\/title>\n<meta name=\"robots\" content=\"index, follow, max-snippet:-1, max-image-preview:large, max-video-preview:-1\" \/>\n<link rel=\"canonical\" href=\"https:\/\/schwarzmueller.com\/de\/leichter-sattelanhaenger-fuer-lang-lkw-jetzt-mit-ladungszertifikat\/\" \/>\n<meta property=\"og:locale\" content=\"de_DE\" \/>\n<meta property=\"og:type\" content=\"article\" \/>\n<meta property=\"og:title\" content=\"Leichter Sattelanh\u00e4nger f\u00fcr Lang-LKW jetzt mit Ladungszertifikat\" \/>\n<meta property=\"og:description\" content=\"Ladungssicherung in dynamischen Normtests best\u00e4tigt Trotz \u00dcberl\u00e4nge leichter als k\u00fcrzeres Standardfahrzeug Papiertransport im Schubboden ebenfalls ladungszertifiziert\" \/>\n<meta property=\"og:url\" content=\"https:\/\/schwarzmueller.com\/de\/leichter-sattelanhaenger-fuer-lang-lkw-jetzt-mit-ladungszertifikat\/\" \/>\n<meta property=\"og:site_name\" content=\"Schwarzm\u00fcller\" \/>\n<meta property=\"article:published_time\" content=\"2020-08-28T03:31:24+00:00\" \/>\n<meta property=\"article:modified_time\" content=\"2024-08-14T12:22:10+00:00\" \/>\n<meta property=\"og:image\" content=\"https:\/\/schwarzmueller.com\/wp-content\/uploads\/2024\/04\/csm_langsattelanhaenger_01_red_8ee128427a.jpg\" \/>\n\t<meta property=\"og:image:width\" content=\"768\" \/>\n\t<meta property=\"og:image:height\" content=\"513\" \/>\n\t<meta property=\"og:image:type\" content=\"image\/jpeg\" \/>\n<meta name=\"author\" content=\"hamed jenabi\" \/>\n<meta name=\"twitter:card\" content=\"summary_large_image\" \/>\n<meta name=\"twitter:label1\" content=\"Verfasst von\" \/>\n\t<meta name=\"twitter:data1\" content=\"hamed jenabi\" \/>\n\t<meta name=\"twitter:label2\" content=\"Gesch\u00e4tzte Lesezeit\" \/>\n\t<meta name=\"twitter:data2\" content=\"4\u00a0Minuten\" \/>\n<script type=\"application\/ld+json\" class=\"yoast-schema-graph\">{\"@context\":\"https:\/\/schema.org\",\"@graph\":[{\"@type\":\"Article\",\"@id\":\"https:\/\/schwarzmueller.com\/de\/leichter-sattelanhaenger-fuer-lang-lkw-jetzt-mit-ladungszertifikat\/#article\",\"isPartOf\":{\"@id\":\"https:\/\/schwarzmueller.com\/de\/leichter-sattelanhaenger-fuer-lang-lkw-jetzt-mit-ladungszertifikat\/\"},\"author\":{\"name\":\"hamed jenabi\",\"@id\":\"https:\/\/schwarzmueller.com\/en\/#\/schema\/person\/1b3f17db980ba882a67bf06e04f3e9f9\"},\"headline\":\"Leichter Sattelanh\u00e4nger f\u00fcr Lang-LKW jetzt mit Ladungszertifikat\",\"datePublished\":\"2020-08-28T03:31:24+00:00\",\"dateModified\":\"2024-08-14T12:22:10+00:00\",\"mainEntityOfPage\":{\"@id\":\"https:\/\/schwarzmueller.com\/de\/leichter-sattelanhaenger-fuer-lang-lkw-jetzt-mit-ladungszertifikat\/\"},\"wordCount\":614,\"publisher\":{\"@id\":\"https:\/\/schwarzmueller.com\/en\/#organization\"},\"image\":{\"@id\":\"https:\/\/schwarzmueller.com\/de\/leichter-sattelanhaenger-fuer-lang-lkw-jetzt-mit-ladungszertifikat\/#primaryimage\"},\"thumbnailUrl\":\"https:\/\/schwarzmueller.com\/wp-content\/uploads\/2024\/04\/csm_langsattelanhaenger_01_red_8ee128427a.jpg\",\"articleSection\":[\"beitrag\"],\"inLanguage\":\"de\"},{\"@type\":\"WebPage\",\"@id\":\"https:\/\/schwarzmueller.com\/de\/leichter-sattelanhaenger-fuer-lang-lkw-jetzt-mit-ladungszertifikat\/\",\"url\":\"https:\/\/schwarzmueller.com\/de\/leichter-sattelanhaenger-fuer-lang-lkw-jetzt-mit-ladungszertifikat\/\",\"name\":\"Leichter Sattelanh\u00e4nger f\u00fcr Lang-LKW jetzt mit Ladungszertifikat - Schwarzm\u00fcller\",\"isPartOf\":{\"@id\":\"https:\/\/schwarzmueller.com\/en\/#website\"},\"primaryImageOfPage\":{\"@id\":\"https:\/\/schwarzmueller.com\/de\/leichter-sattelanhaenger-fuer-lang-lkw-jetzt-mit-ladungszertifikat\/#primaryimage\"},\"image\":{\"@id\":\"https:\/\/schwarzmueller.com\/de\/leichter-sattelanhaenger-fuer-lang-lkw-jetzt-mit-ladungszertifikat\/#primaryimage\"},\"thumbnailUrl\":\"https:\/\/schwarzmueller.com\/wp-content\/uploads\/2024\/04\/csm_langsattelanhaenger_01_red_8ee128427a.jpg\",\"datePublished\":\"2020-08-28T03:31:24+00:00\",\"dateModified\":\"2024-08-14T12:22:10+00:00\",\"breadcrumb\":{\"@id\":\"https:\/\/schwarzmueller.com\/de\/leichter-sattelanhaenger-fuer-lang-lkw-jetzt-mit-ladungszertifikat\/#breadcrumb\"},\"inLanguage\":\"de\",\"potentialAction\":[{\"@type\":\"ReadAction\",\"target\":[\"https:\/\/schwarzmueller.com\/de\/leichter-sattelanhaenger-fuer-lang-lkw-jetzt-mit-ladungszertifikat\/\"]}]},{\"@type\":\"ImageObject\",\"inLanguage\":\"de\",\"@id\":\"https:\/\/schwarzmueller.com\/de\/leichter-sattelanhaenger-fuer-lang-lkw-jetzt-mit-ladungszertifikat\/#primaryimage\",\"url\":\"https:\/\/schwarzmueller.com\/wp-content\/uploads\/2024\/04\/csm_langsattelanhaenger_01_red_8ee128427a.jpg\",\"contentUrl\":\"https:\/\/schwarzmueller.com\/wp-content\/uploads\/2024\/04\/csm_langsattelanhaenger_01_red_8ee128427a.jpg\",\"width\":768,\"height\":513,\"caption\":\"Der erste Leichtbau-Lang-Sattelanh\u00e4nger mit einer L\u00e4nge von 14,98 Metern, der auch ladungszertifiziert ist, kommt von Schwarzm\u00fcller.\"},{\"@type\":\"BreadcrumbList\",\"@id\":\"https:\/\/schwarzmueller.com\/de\/leichter-sattelanhaenger-fuer-lang-lkw-jetzt-mit-ladungszertifikat\/#breadcrumb\",\"itemListElement\":[{\"@type\":\"ListItem\",\"position\":1,\"name\":\"Home\",\"item\":\"https:\/\/schwarzmueller.com\/de\/home\/\"},{\"@type\":\"ListItem\",\"position\":2,\"name\":\"Leichter Sattelanh\u00e4nger f\u00fcr Lang-LKW jetzt mit Ladungszertifikat\"}]},{\"@type\":\"WebSite\",\"@id\":\"https:\/\/schwarzmueller.com\/en\/#website\",\"url\":\"https:\/\/schwarzmueller.com\/en\/\",\"name\":\"Schwarzm\u00fcller | Intelligente Fahrzeuge\",\"description\":\"Ganz auf exzellente Fahrzeugtechnik gebaut\",\"publisher\":{\"@id\":\"https:\/\/schwarzmueller.com\/en\/#organization\"},\"alternateName\":\"Schwarzm\u00fcller\",\"potentialAction\":[{\"@type\":\"SearchAction\",\"target\":{\"@type\":\"EntryPoint\",\"urlTemplate\":\"https:\/\/schwarzmueller.com\/en\/?s={search_term_string}\"},\"query-input\":{\"@type\":\"PropertyValueSpecification\",\"valueRequired\":true,\"valueName\":\"search_term_string\"}}],\"inLanguage\":\"de\"},{\"@type\":\"Organization\",\"@id\":\"https:\/\/schwarzmueller.com\/en\/#organization\",\"name\":\"Schwarzm\u00fcller\",\"url\":\"https:\/\/schwarzmueller.com\/en\/\",\"logo\":{\"@type\":\"ImageObject\",\"inLanguage\":\"de\",\"@id\":\"https:\/\/schwarzmueller.com\/en\/#\/schema\/logo\/image\/\",\"url\":\"https:\/\/schwarzmueller.com\/wp-content\/uploads\/2024\/05\/sm_icon_logo.svg\",\"contentUrl\":\"https:\/\/schwarzmueller.com\/wp-content\/uploads\/2024\/05\/sm_icon_logo.svg\",\"width\":1,\"height\":1,\"caption\":\"Schwarzm\u00fcller\"},\"image\":{\"@id\":\"https:\/\/schwarzmueller.com\/en\/#\/schema\/logo\/image\/\"}},{\"@type\":\"Person\",\"@id\":\"https:\/\/schwarzmueller.com\/en\/#\/schema\/person\/1b3f17db980ba882a67bf06e04f3e9f9\",\"name\":\"hamed jenabi\",\"url\":\"https:\/\/schwarzmueller.com\/de\/author\/hamed\/\"}]}<\/script>\n<!-- \/ Yoast SEO Premium plugin. -->","yoast_head_json":{"title":"Leichter Sattelanh\u00e4nger f\u00fcr Lang-LKW jetzt mit Ladungszertifikat - Schwarzm\u00fcller","robots":{"index":"index","follow":"follow","max-snippet":"max-snippet:-1","max-image-preview":"max-image-preview:large","max-video-preview":"max-video-preview:-1"},"canonical":"https:\/\/schwarzmueller.com\/de\/leichter-sattelanhaenger-fuer-lang-lkw-jetzt-mit-ladungszertifikat\/","og_locale":"de_DE","og_type":"article","og_title":"Leichter Sattelanh\u00e4nger f\u00fcr Lang-LKW jetzt mit Ladungszertifikat","og_description":"Ladungssicherung in dynamischen Normtests best\u00e4tigt Trotz \u00dcberl\u00e4nge leichter als k\u00fcrzeres Standardfahrzeug Papiertransport im Schubboden ebenfalls ladungszertifiziert","og_url":"https:\/\/schwarzmueller.com\/de\/leichter-sattelanhaenger-fuer-lang-lkw-jetzt-mit-ladungszertifikat\/","og_site_name":"Schwarzm\u00fcller","article_published_time":"2020-08-28T03:31:24+00:00","article_modified_time":"2024-08-14T12:22:10+00:00","og_image":[{"width":768,"height":513,"url":"https:\/\/schwarzmueller.com\/wp-content\/uploads\/2024\/04\/csm_langsattelanhaenger_01_red_8ee128427a.jpg","type":"image\/jpeg"}],"author":"hamed jenabi","twitter_card":"summary_large_image","twitter_misc":{"Verfasst von":"hamed jenabi","Gesch\u00e4tzte Lesezeit":"4\u00a0Minuten"},"schema":{"@context":"https:\/\/schema.org","@graph":[{"@type":"Article","@id":"https:\/\/schwarzmueller.com\/de\/leichter-sattelanhaenger-fuer-lang-lkw-jetzt-mit-ladungszertifikat\/#article","isPartOf":{"@id":"https:\/\/schwarzmueller.com\/de\/leichter-sattelanhaenger-fuer-lang-lkw-jetzt-mit-ladungszertifikat\/"},"author":{"name":"hamed jenabi","@id":"https:\/\/schwarzmueller.com\/en\/#\/schema\/person\/1b3f17db980ba882a67bf06e04f3e9f9"},"headline":"Leichter Sattelanh\u00e4nger f\u00fcr Lang-LKW jetzt mit Ladungszertifikat","datePublished":"2020-08-28T03:31:24+00:00","dateModified":"2024-08-14T12:22:10+00:00","mainEntityOfPage":{"@id":"https:\/\/schwarzmueller.com\/de\/leichter-sattelanhaenger-fuer-lang-lkw-jetzt-mit-ladungszertifikat\/"},"wordCount":614,"publisher":{"@id":"https:\/\/schwarzmueller.com\/en\/#organization"},"image":{"@id":"https:\/\/schwarzmueller.com\/de\/leichter-sattelanhaenger-fuer-lang-lkw-jetzt-mit-ladungszertifikat\/#primaryimage"},"thumbnailUrl":"https:\/\/schwarzmueller.com\/wp-content\/uploads\/2024\/04\/csm_langsattelanhaenger_01_red_8ee128427a.jpg","articleSection":["beitrag"],"inLanguage":"de"},{"@type":"WebPage","@id":"https:\/\/schwarzmueller.com\/de\/leichter-sattelanhaenger-fuer-lang-lkw-jetzt-mit-ladungszertifikat\/","url":"https:\/\/schwarzmueller.com\/de\/leichter-sattelanhaenger-fuer-lang-lkw-jetzt-mit-ladungszertifikat\/","name":"Leichter Sattelanh\u00e4nger f\u00fcr Lang-LKW jetzt mit Ladungszertifikat - Schwarzm\u00fcller","isPartOf":{"@id":"https:\/\/schwarzmueller.com\/en\/#website"},"primaryImageOfPage":{"@id":"https:\/\/schwarzmueller.com\/de\/leichter-sattelanhaenger-fuer-lang-lkw-jetzt-mit-ladungszertifikat\/#primaryimage"},"image":{"@id":"https:\/\/schwarzmueller.com\/de\/leichter-sattelanhaenger-fuer-lang-lkw-jetzt-mit-ladungszertifikat\/#primaryimage"},"thumbnailUrl":"https:\/\/schwarzmueller.com\/wp-content\/uploads\/2024\/04\/csm_langsattelanhaenger_01_red_8ee128427a.jpg","datePublished":"2020-08-28T03:31:24+00:00","dateModified":"2024-08-14T12:22:10+00:00","breadcrumb":{"@id":"https:\/\/schwarzmueller.com\/de\/leichter-sattelanhaenger-fuer-lang-lkw-jetzt-mit-ladungszertifikat\/#breadcrumb"},"inLanguage":"de","potentialAction":[{"@type":"ReadAction","target":["https:\/\/schwarzmueller.com\/de\/leichter-sattelanhaenger-fuer-lang-lkw-jetzt-mit-ladungszertifikat\/"]}]},{"@type":"ImageObject","inLanguage":"de","@id":"https:\/\/schwarzmueller.com\/de\/leichter-sattelanhaenger-fuer-lang-lkw-jetzt-mit-ladungszertifikat\/#primaryimage","url":"https:\/\/schwarzmueller.com\/wp-content\/uploads\/2024\/04\/csm_langsattelanhaenger_01_red_8ee128427a.jpg","contentUrl":"https:\/\/schwarzmueller.com\/wp-content\/uploads\/2024\/04\/csm_langsattelanhaenger_01_red_8ee128427a.jpg","width":768,"height":513,"caption":"Der erste Leichtbau-Lang-Sattelanh\u00e4nger mit einer L\u00e4nge von 14,98 Metern, der auch ladungszertifiziert ist, kommt von Schwarzm\u00fcller."},{"@type":"BreadcrumbList","@id":"https:\/\/schwarzmueller.com\/de\/leichter-sattelanhaenger-fuer-lang-lkw-jetzt-mit-ladungszertifikat\/#breadcrumb","itemListElement":[{"@type":"ListItem","position":1,"name":"Home","item":"https:\/\/schwarzmueller.com\/de\/home\/"},{"@type":"ListItem","position":2,"name":"Leichter Sattelanh\u00e4nger f\u00fcr Lang-LKW jetzt mit Ladungszertifikat"}]},{"@type":"WebSite","@id":"https:\/\/schwarzmueller.com\/en\/#website","url":"https:\/\/schwarzmueller.com\/en\/","name":"Schwarzm\u00fcller | Intelligente Fahrzeuge","description":"Ganz auf exzellente Fahrzeugtechnik gebaut","publisher":{"@id":"https:\/\/schwarzmueller.com\/en\/#organization"},"alternateName":"Schwarzm\u00fcller","potentialAction":[{"@type":"SearchAction","target":{"@type":"EntryPoint","urlTemplate":"https:\/\/schwarzmueller.com\/en\/?s={search_term_string}"},"query-input":{"@type":"PropertyValueSpecification","valueRequired":true,"valueName":"search_term_string"}}],"inLanguage":"de"},{"@type":"Organization","@id":"https:\/\/schwarzmueller.com\/en\/#organization","name":"Schwarzm\u00fcller","url":"https:\/\/schwarzmueller.com\/en\/","logo":{"@type":"ImageObject","inLanguage":"de","@id":"https:\/\/schwarzmueller.com\/en\/#\/schema\/logo\/image\/","url":"https:\/\/schwarzmueller.com\/wp-content\/uploads\/2024\/05\/sm_icon_logo.svg","contentUrl":"https:\/\/schwarzmueller.com\/wp-content\/uploads\/2024\/05\/sm_icon_logo.svg","width":1,"height":1,"caption":"Schwarzm\u00fcller"},"image":{"@id":"https:\/\/schwarzmueller.com\/en\/#\/schema\/logo\/image\/"}},{"@type":"Person","@id":"https:\/\/schwarzmueller.com\/en\/#\/schema\/person\/1b3f17db980ba882a67bf06e04f3e9f9","name":"hamed jenabi","url":"https:\/\/schwarzmueller.com\/de\/author\/hamed\/"}]}},"_links":{"self":[{"href":"https:\/\/schwarzmueller.com\/de\/wp-json\/wp\/v2\/posts\/51080","targetHints":{"allow":["GET"]}}],"collection":[{"href":"https:\/\/schwarzmueller.com\/de\/wp-json\/wp\/v2\/posts"}],"about":[{"href":"https:\/\/schwarzmueller.com\/de\/wp-json\/wp\/v2\/types\/post"}],"author":[{"embeddable":true,"href":"https:\/\/schwarzmueller.com\/de\/wp-json\/wp\/v2\/users\/5"}],"replies":[{"embeddable":true,"href":"https:\/\/schwarzmueller.com\/de\/wp-json\/wp\/v2\/comments?post=51080"}],"version-history":[{"count":1,"href":"https:\/\/schwarzmueller.com\/de\/wp-json\/wp\/v2\/posts\/51080\/revisions"}],"predecessor-version":[{"id":66914,"href":"https:\/\/schwarzmueller.com\/de\/wp-json\/wp\/v2\/posts\/51080\/revisions\/66914"}],"wp:featuredmedia":[{"embeddable":true,"href":"https:\/\/schwarzmueller.com\/de\/wp-json\/wp\/v2\/media\/40536"}],"wp:attachment":[{"href":"https:\/\/schwarzmueller.com\/de\/wp-json\/wp\/v2\/media?parent=51080"}],"wp:term":[{"taxonomy":"category","embeddable":true,"href":"https:\/\/schwarzmueller.com\/de\/wp-json\/wp\/v2\/categories?post=51080"},{"taxonomy":"post_tag","embeddable":true,"href":"https:\/\/schwarzmueller.com\/de\/wp-json\/wp\/v2\/tags?post=51080"}],"curies":[{"name":"wp","href":"https:\/\/api.w.org\/{rel}","templated":true}]}}