{"id":51077,"date":"2020-07-09T08:16:59","date_gmt":"2020-07-09T06:16:59","guid":{"rendered":"https:\/\/schwarzmueller.com\/grossauftrag-ueber-120-lang-sattelanhaenger\/"},"modified":"2025-12-01T14:44:09","modified_gmt":"2025-12-01T13:44:09","slug":"grossauftrag-ueber-120-lang-sattelanhaenger","status":"publish","type":"post","link":"https:\/\/schwarzmueller.com\/de\/grossauftrag-ueber-120-lang-sattelanhaenger\/","title":{"rendered":"Gro\u00dfauftrag \u00fcber 120 Lang-Sattelanh\u00e4nger"},"content":{"rendered":"\n<p>Einen Gro\u00dfauftrag \u00fcber 120 Typ-1-Lang-Sattel in Leichtbauweise verzeichnet die Schwarzm\u00fcller Gruppe. Die Fahrzeuge wurden von der Gartner KG aus Lambach (Ober\u00f6sterreich) geordert. \u201eEs ist dies der gr\u00f6\u00dfte Auftrag, den es europaweit in diesem Segment bisher gegeben hat\u201c, freute sich Schwarzm\u00fcller CEO Roland Hartwig bei der Bekanntgabe dieser Bestellung heute, Donnerstag, 9. Juli, am Unternehmenssitz in Freinberg bei Sch\u00e4rding (Ober\u00f6sterreich).<\/p>\n\n\n\n<p>Die Gartner KG, eines der gr\u00f6\u00dften Transportunternehmen Europas, nutzt damit erstmalig als Spezialist f\u00fcr Transportmanagement den in Deutschland bereits zugelassenen Einsatz von Lang-LKW in der Variante 14,98 Meter. Sie hat die Fahrzeuge in der Ausf\u00fchrung MEGA und in Leichtbauweise bei Schwarzm\u00fcller bestellt. Diese sind um 1,3 Meter l\u00e4nger als normale Plateausattelanh\u00e4nger und weisen eine Innenh\u00f6he von 3 Meter auf, wiegen aber um 1.000 Kilogramm weniger als ein Standardfahrzeug. \u201eDie Leichtbauweise von Schwarzm\u00fcller ist einzigartig und bietet uns echte Vorteile. So sparen wir mehr als 10 Prozent Sprit pro LKW und reduzieren zudem die CO2-Emissionen in gleicher H\u00f6he\u201c, betonte Richard Gartner, gesch\u00e4ftsf\u00fchrender Gesellschafter der Gartner KG, bei der \u00dcbergabe der ersten Fahrzeuge. Die gesamte Auslieferung wird Ende August abgeschlossen sein.<\/p>\n\n\n\n<p>Dass man nun in ganz Deutschland mit 120 Schwarzm\u00fcller Lang-Sattelanh\u00e4ngern unterwegs ist, sieht Hartwig als weiteren Vertrauensbeweis von Gartner. Die beiden Familienunternehmen mit einer mehr als 100-j\u00e4hrigen Tradition verbindet eine lange Partnerschaft, die auch auf gemeinsamen Wertevorstellungen beruht. \u201eWir teilen den Anspruch, H\u00f6chstleistung zu bieten und Handschlagqualit\u00e4t zu leben\u201c, betonte CEO Hartwig. So seien beide Unternehmen zu Marktf\u00fchrern in ihrem Segment geworden.<\/p>\n\n\n\n<p><em>F\u00fcr weitere Informationen: <\/em><\/p>\n\n\n\n<p>Mag. Michael Prock, Prock und Prock Marktkommunikation GmbH, Pressesprecher<br>Rochusgasse 4, 5020 Salzburg, \u00d6sterreich<br>E-Mail: <a href=\"mailto:mp@prock-prock.at\">mp@prock-prock.at, <\/a>Tel.: +43 662 821155-0<br>___________________________________________________________________<\/p>\n\n\n\n<p>Die Schwarzm\u00fcller Gruppe ist einer der gr\u00f6\u00dften europ\u00e4ischen Anbieter f\u00fcr gezogene Nutzfahrzeuge. Das Unternehmen setzt durch seine Premiumausrichtung die Benchmarks der Branche und ist aufgrund der mehr als 140-j\u00e4hrigen Kompetenz der Spezialist fu\u0308r individuelle Transportl\u00f6sungen in anspruchsvollen Branchen. Mit Fahrzeugen der beiden Marken Schwarzm\u00fcller und H\u00fcffermann beliefert das Unternehmen die Bauwirtschaft, Infrastrukturunternehmen, die Rohstoff- und Wertstoffindustrie sowie Transportunternehmen im Fernverkehr.<\/p>\n","protected":false},"excerpt":{"rendered":"<p>Einen Gro\u00dfauftrag \u00fcber 120 Typ-1-Lang-Sattel in Leichtbauweise verzeichnet die Schwarzm\u00fcller Gruppe. Die Fahrzeuge wurden von der Gartner KG aus Lambach (Ober\u00f6sterreich) geordert. \u201eEs ist dies der gr\u00f6\u00dfte Auftrag, den es europaweit in diesem Segment bisher gegeben hat\u201c, freute sich Schwarzm\u00fcller CEO Roland Hartwig bei der Bekanntgabe dieser Bestellung heute, Donnerstag, 9. Juli, am Unternehmenssitz in [&hellip;]<\/p>\n","protected":false},"author":5,"featured_media":89775,"comment_status":"closed","ping_status":"open","sticky":false,"template":"","format":"standard","meta":{"_acf_changed":false,"_relevanssi_hide_post":"","_relevanssi_hide_content":"","_relevanssi_pin_for_all":"","_relevanssi_pin_keywords":"","_relevanssi_unpin_keywords":"","_relevanssi_related_keywords":"","_relevanssi_related_include_ids":"","_relevanssi_related_exclude_ids":"","_relevanssi_related_no_append":"","_relevanssi_related_not_related":"","_relevanssi_related_posts":"51118,51151,51152,51045,51112,51149","_relevanssi_noindex_reason":"","footnotes":""},"categories":[1],"tags":[],"class_list":["post-51077","post","type-post","status-publish","format-standard","has-post-thumbnail","hentry","category-beitrag"],"acf":[],"yoast_head":"<!-- This site is optimized with the Yoast SEO Premium plugin v26.4 (Yoast SEO v27.2) - https:\/\/yoast.com\/product\/yoast-seo-premium-wordpress\/ -->\n<title>Gro\u00dfauftrag \u00fcber 120 Lang-Sattelanh\u00e4nger - Schwarzm\u00fcller<\/title>\n<meta name=\"robots\" content=\"index, follow, max-snippet:-1, max-image-preview:large, max-video-preview:-1\" \/>\n<link rel=\"canonical\" href=\"https:\/\/schwarzmueller.com\/de\/grossauftrag-ueber-120-lang-sattelanhaenger\/\" \/>\n<meta property=\"og:locale\" content=\"de_DE\" \/>\n<meta property=\"og:type\" content=\"article\" \/>\n<meta property=\"og:title\" content=\"Gro\u00dfauftrag \u00fcber 120 Lang-Sattelanh\u00e4nger\" \/>\n<meta property=\"og:description\" content=\"Einen Gro\u00dfauftrag \u00fcber 120 Typ-1-Lang-Sattel in Leichtbauweise verzeichnet die Schwarzm\u00fcller Gruppe. Die Fahrzeuge wurden von der Gartner KG aus Lambach (Ober\u00f6sterreich) geordert. \u201eEs ist dies der gr\u00f6\u00dfte Auftrag, den es europaweit in diesem Segment bisher gegeben hat\u201c, freute sich Schwarzm\u00fcller CEO Roland Hartwig bei der Bekanntgabe dieser Bestellung heute, Donnerstag, 9. Juli, am Unternehmenssitz in [&hellip;]\" \/>\n<meta property=\"og:url\" content=\"https:\/\/schwarzmueller.com\/de\/grossauftrag-ueber-120-lang-sattelanhaenger\/\" \/>\n<meta property=\"og:site_name\" content=\"Schwarzm\u00fcller\" \/>\n<meta property=\"article:published_time\" content=\"2020-07-09T06:16:59+00:00\" \/>\n<meta property=\"article:modified_time\" content=\"2025-12-01T13:44:09+00:00\" \/>\n<meta property=\"og:image\" content=\"https:\/\/schwarzmueller.com\/wp-content\/uploads\/2019\/07\/schwarzmueller-aktuelles-img-allgemein-01.jpg\" \/>\n\t<meta property=\"og:image:width\" content=\"1920\" \/>\n\t<meta property=\"og:image:height\" content=\"1280\" \/>\n\t<meta property=\"og:image:type\" content=\"image\/jpeg\" \/>\n<meta name=\"author\" content=\"hamed jenabi\" \/>\n<meta name=\"twitter:card\" content=\"summary_large_image\" \/>\n<meta name=\"twitter:label1\" content=\"Verfasst von\" \/>\n\t<meta name=\"twitter:data1\" content=\"hamed jenabi\" \/>\n\t<meta name=\"twitter:label2\" content=\"Gesch\u00e4tzte Lesezeit\" \/>\n\t<meta name=\"twitter:data2\" content=\"2\u00a0Minuten\" \/>\n<script type=\"application\/ld+json\" class=\"yoast-schema-graph\">{\"@context\":\"https:\/\/schema.org\",\"@graph\":[{\"@type\":\"Article\",\"@id\":\"https:\/\/schwarzmueller.com\/de\/grossauftrag-ueber-120-lang-sattelanhaenger\/#article\",\"isPartOf\":{\"@id\":\"https:\/\/schwarzmueller.com\/de\/grossauftrag-ueber-120-lang-sattelanhaenger\/\"},\"author\":{\"name\":\"hamed jenabi\",\"@id\":\"https:\/\/schwarzmueller.com\/en\/#\/schema\/person\/1b3f17db980ba882a67bf06e04f3e9f9\"},\"headline\":\"Gro\u00dfauftrag \u00fcber 120 Lang-Sattelanh\u00e4nger\",\"datePublished\":\"2020-07-09T06:16:59+00:00\",\"dateModified\":\"2025-12-01T13:44:09+00:00\",\"mainEntityOfPage\":{\"@id\":\"https:\/\/schwarzmueller.com\/de\/grossauftrag-ueber-120-lang-sattelanhaenger\/\"},\"wordCount\":352,\"publisher\":{\"@id\":\"https:\/\/schwarzmueller.com\/en\/#organization\"},\"image\":{\"@id\":\"https:\/\/schwarzmueller.com\/de\/grossauftrag-ueber-120-lang-sattelanhaenger\/#primaryimage\"},\"thumbnailUrl\":\"https:\/\/schwarzmueller.com\/wp-content\/uploads\/2019\/07\/schwarzmueller-aktuelles-img-allgemein-01.jpg\",\"articleSection\":[\"beitrag\"],\"inLanguage\":\"de\"},{\"@type\":\"WebPage\",\"@id\":\"https:\/\/schwarzmueller.com\/de\/grossauftrag-ueber-120-lang-sattelanhaenger\/\",\"url\":\"https:\/\/schwarzmueller.com\/de\/grossauftrag-ueber-120-lang-sattelanhaenger\/\",\"name\":\"Gro\u00dfauftrag \u00fcber 120 Lang-Sattelanh\u00e4nger - Schwarzm\u00fcller\",\"isPartOf\":{\"@id\":\"https:\/\/schwarzmueller.com\/en\/#website\"},\"primaryImageOfPage\":{\"@id\":\"https:\/\/schwarzmueller.com\/de\/grossauftrag-ueber-120-lang-sattelanhaenger\/#primaryimage\"},\"image\":{\"@id\":\"https:\/\/schwarzmueller.com\/de\/grossauftrag-ueber-120-lang-sattelanhaenger\/#primaryimage\"},\"thumbnailUrl\":\"https:\/\/schwarzmueller.com\/wp-content\/uploads\/2019\/07\/schwarzmueller-aktuelles-img-allgemein-01.jpg\",\"datePublished\":\"2020-07-09T06:16:59+00:00\",\"dateModified\":\"2025-12-01T13:44:09+00:00\",\"breadcrumb\":{\"@id\":\"https:\/\/schwarzmueller.com\/de\/grossauftrag-ueber-120-lang-sattelanhaenger\/#breadcrumb\"},\"inLanguage\":\"de\",\"potentialAction\":[{\"@type\":\"ReadAction\",\"target\":[\"https:\/\/schwarzmueller.com\/de\/grossauftrag-ueber-120-lang-sattelanhaenger\/\"]}]},{\"@type\":\"ImageObject\",\"inLanguage\":\"de\",\"@id\":\"https:\/\/schwarzmueller.com\/de\/grossauftrag-ueber-120-lang-sattelanhaenger\/#primaryimage\",\"url\":\"https:\/\/schwarzmueller.com\/wp-content\/uploads\/2019\/07\/schwarzmueller-aktuelles-img-allgemein-01.jpg\",\"contentUrl\":\"https:\/\/schwarzmueller.com\/wp-content\/uploads\/2019\/07\/schwarzmueller-aktuelles-img-allgemein-01.jpg\",\"width\":1920,\"height\":1280},{\"@type\":\"BreadcrumbList\",\"@id\":\"https:\/\/schwarzmueller.com\/de\/grossauftrag-ueber-120-lang-sattelanhaenger\/#breadcrumb\",\"itemListElement\":[{\"@type\":\"ListItem\",\"position\":1,\"name\":\"Home\",\"item\":\"https:\/\/schwarzmueller.com\/de\/home\/\"},{\"@type\":\"ListItem\",\"position\":2,\"name\":\"Gro\u00dfauftrag \u00fcber 120 Lang-Sattelanh\u00e4nger\"}]},{\"@type\":\"WebSite\",\"@id\":\"https:\/\/schwarzmueller.com\/en\/#website\",\"url\":\"https:\/\/schwarzmueller.com\/en\/\",\"name\":\"Schwarzm\u00fcller | Intelligente Fahrzeuge\",\"description\":\"Ganz auf exzellente Fahrzeugtechnik gebaut\",\"publisher\":{\"@id\":\"https:\/\/schwarzmueller.com\/en\/#organization\"},\"alternateName\":\"Schwarzm\u00fcller\",\"potentialAction\":[{\"@type\":\"SearchAction\",\"target\":{\"@type\":\"EntryPoint\",\"urlTemplate\":\"https:\/\/schwarzmueller.com\/en\/?s={search_term_string}\"},\"query-input\":{\"@type\":\"PropertyValueSpecification\",\"valueRequired\":true,\"valueName\":\"search_term_string\"}}],\"inLanguage\":\"de\"},{\"@type\":\"Organization\",\"@id\":\"https:\/\/schwarzmueller.com\/en\/#organization\",\"name\":\"Schwarzm\u00fcller\",\"url\":\"https:\/\/schwarzmueller.com\/en\/\",\"logo\":{\"@type\":\"ImageObject\",\"inLanguage\":\"de\",\"@id\":\"https:\/\/schwarzmueller.com\/en\/#\/schema\/logo\/image\/\",\"url\":\"https:\/\/schwarzmueller.com\/wp-content\/uploads\/2024\/05\/sm_icon_logo.svg\",\"contentUrl\":\"https:\/\/schwarzmueller.com\/wp-content\/uploads\/2024\/05\/sm_icon_logo.svg\",\"width\":1,\"height\":1,\"caption\":\"Schwarzm\u00fcller\"},\"image\":{\"@id\":\"https:\/\/schwarzmueller.com\/en\/#\/schema\/logo\/image\/\"}},{\"@type\":\"Person\",\"@id\":\"https:\/\/schwarzmueller.com\/en\/#\/schema\/person\/1b3f17db980ba882a67bf06e04f3e9f9\",\"name\":\"hamed jenabi\",\"url\":\"https:\/\/schwarzmueller.com\/de\/author\/hamed\/\"}]}<\/script>\n<!-- \/ Yoast SEO Premium plugin. -->","yoast_head_json":{"title":"Gro\u00dfauftrag \u00fcber 120 Lang-Sattelanh\u00e4nger - Schwarzm\u00fcller","robots":{"index":"index","follow":"follow","max-snippet":"max-snippet:-1","max-image-preview":"max-image-preview:large","max-video-preview":"max-video-preview:-1"},"canonical":"https:\/\/schwarzmueller.com\/de\/grossauftrag-ueber-120-lang-sattelanhaenger\/","og_locale":"de_DE","og_type":"article","og_title":"Gro\u00dfauftrag \u00fcber 120 Lang-Sattelanh\u00e4nger","og_description":"Einen Gro\u00dfauftrag \u00fcber 120 Typ-1-Lang-Sattel in Leichtbauweise verzeichnet die Schwarzm\u00fcller Gruppe. Die Fahrzeuge wurden von der Gartner KG aus Lambach (Ober\u00f6sterreich) geordert. \u201eEs ist dies der gr\u00f6\u00dfte Auftrag, den es europaweit in diesem Segment bisher gegeben hat\u201c, freute sich Schwarzm\u00fcller CEO Roland Hartwig bei der Bekanntgabe dieser Bestellung heute, Donnerstag, 9. Juli, am Unternehmenssitz in [&hellip;]","og_url":"https:\/\/schwarzmueller.com\/de\/grossauftrag-ueber-120-lang-sattelanhaenger\/","og_site_name":"Schwarzm\u00fcller","article_published_time":"2020-07-09T06:16:59+00:00","article_modified_time":"2025-12-01T13:44:09+00:00","og_image":[{"width":1920,"height":1280,"url":"https:\/\/schwarzmueller.com\/wp-content\/uploads\/2019\/07\/schwarzmueller-aktuelles-img-allgemein-01.jpg","type":"image\/jpeg"}],"author":"hamed jenabi","twitter_card":"summary_large_image","twitter_misc":{"Verfasst von":"hamed jenabi","Gesch\u00e4tzte Lesezeit":"2\u00a0Minuten"},"schema":{"@context":"https:\/\/schema.org","@graph":[{"@type":"Article","@id":"https:\/\/schwarzmueller.com\/de\/grossauftrag-ueber-120-lang-sattelanhaenger\/#article","isPartOf":{"@id":"https:\/\/schwarzmueller.com\/de\/grossauftrag-ueber-120-lang-sattelanhaenger\/"},"author":{"name":"hamed jenabi","@id":"https:\/\/schwarzmueller.com\/en\/#\/schema\/person\/1b3f17db980ba882a67bf06e04f3e9f9"},"headline":"Gro\u00dfauftrag \u00fcber 120 Lang-Sattelanh\u00e4nger","datePublished":"2020-07-09T06:16:59+00:00","dateModified":"2025-12-01T13:44:09+00:00","mainEntityOfPage":{"@id":"https:\/\/schwarzmueller.com\/de\/grossauftrag-ueber-120-lang-sattelanhaenger\/"},"wordCount":352,"publisher":{"@id":"https:\/\/schwarzmueller.com\/en\/#organization"},"image":{"@id":"https:\/\/schwarzmueller.com\/de\/grossauftrag-ueber-120-lang-sattelanhaenger\/#primaryimage"},"thumbnailUrl":"https:\/\/schwarzmueller.com\/wp-content\/uploads\/2019\/07\/schwarzmueller-aktuelles-img-allgemein-01.jpg","articleSection":["beitrag"],"inLanguage":"de"},{"@type":"WebPage","@id":"https:\/\/schwarzmueller.com\/de\/grossauftrag-ueber-120-lang-sattelanhaenger\/","url":"https:\/\/schwarzmueller.com\/de\/grossauftrag-ueber-120-lang-sattelanhaenger\/","name":"Gro\u00dfauftrag \u00fcber 120 Lang-Sattelanh\u00e4nger - Schwarzm\u00fcller","isPartOf":{"@id":"https:\/\/schwarzmueller.com\/en\/#website"},"primaryImageOfPage":{"@id":"https:\/\/schwarzmueller.com\/de\/grossauftrag-ueber-120-lang-sattelanhaenger\/#primaryimage"},"image":{"@id":"https:\/\/schwarzmueller.com\/de\/grossauftrag-ueber-120-lang-sattelanhaenger\/#primaryimage"},"thumbnailUrl":"https:\/\/schwarzmueller.com\/wp-content\/uploads\/2019\/07\/schwarzmueller-aktuelles-img-allgemein-01.jpg","datePublished":"2020-07-09T06:16:59+00:00","dateModified":"2025-12-01T13:44:09+00:00","breadcrumb":{"@id":"https:\/\/schwarzmueller.com\/de\/grossauftrag-ueber-120-lang-sattelanhaenger\/#breadcrumb"},"inLanguage":"de","potentialAction":[{"@type":"ReadAction","target":["https:\/\/schwarzmueller.com\/de\/grossauftrag-ueber-120-lang-sattelanhaenger\/"]}]},{"@type":"ImageObject","inLanguage":"de","@id":"https:\/\/schwarzmueller.com\/de\/grossauftrag-ueber-120-lang-sattelanhaenger\/#primaryimage","url":"https:\/\/schwarzmueller.com\/wp-content\/uploads\/2019\/07\/schwarzmueller-aktuelles-img-allgemein-01.jpg","contentUrl":"https:\/\/schwarzmueller.com\/wp-content\/uploads\/2019\/07\/schwarzmueller-aktuelles-img-allgemein-01.jpg","width":1920,"height":1280},{"@type":"BreadcrumbList","@id":"https:\/\/schwarzmueller.com\/de\/grossauftrag-ueber-120-lang-sattelanhaenger\/#breadcrumb","itemListElement":[{"@type":"ListItem","position":1,"name":"Home","item":"https:\/\/schwarzmueller.com\/de\/home\/"},{"@type":"ListItem","position":2,"name":"Gro\u00dfauftrag \u00fcber 120 Lang-Sattelanh\u00e4nger"}]},{"@type":"WebSite","@id":"https:\/\/schwarzmueller.com\/en\/#website","url":"https:\/\/schwarzmueller.com\/en\/","name":"Schwarzm\u00fcller | Intelligente Fahrzeuge","description":"Ganz auf exzellente Fahrzeugtechnik gebaut","publisher":{"@id":"https:\/\/schwarzmueller.com\/en\/#organization"},"alternateName":"Schwarzm\u00fcller","potentialAction":[{"@type":"SearchAction","target":{"@type":"EntryPoint","urlTemplate":"https:\/\/schwarzmueller.com\/en\/?s={search_term_string}"},"query-input":{"@type":"PropertyValueSpecification","valueRequired":true,"valueName":"search_term_string"}}],"inLanguage":"de"},{"@type":"Organization","@id":"https:\/\/schwarzmueller.com\/en\/#organization","name":"Schwarzm\u00fcller","url":"https:\/\/schwarzmueller.com\/en\/","logo":{"@type":"ImageObject","inLanguage":"de","@id":"https:\/\/schwarzmueller.com\/en\/#\/schema\/logo\/image\/","url":"https:\/\/schwarzmueller.com\/wp-content\/uploads\/2024\/05\/sm_icon_logo.svg","contentUrl":"https:\/\/schwarzmueller.com\/wp-content\/uploads\/2024\/05\/sm_icon_logo.svg","width":1,"height":1,"caption":"Schwarzm\u00fcller"},"image":{"@id":"https:\/\/schwarzmueller.com\/en\/#\/schema\/logo\/image\/"}},{"@type":"Person","@id":"https:\/\/schwarzmueller.com\/en\/#\/schema\/person\/1b3f17db980ba882a67bf06e04f3e9f9","name":"hamed jenabi","url":"https:\/\/schwarzmueller.com\/de\/author\/hamed\/"}]}},"_links":{"self":[{"href":"https:\/\/schwarzmueller.com\/de\/wp-json\/wp\/v2\/posts\/51077","targetHints":{"allow":["GET"]}}],"collection":[{"href":"https:\/\/schwarzmueller.com\/de\/wp-json\/wp\/v2\/posts"}],"about":[{"href":"https:\/\/schwarzmueller.com\/de\/wp-json\/wp\/v2\/types\/post"}],"author":[{"embeddable":true,"href":"https:\/\/schwarzmueller.com\/de\/wp-json\/wp\/v2\/users\/5"}],"replies":[{"embeddable":true,"href":"https:\/\/schwarzmueller.com\/de\/wp-json\/wp\/v2\/comments?post=51077"}],"version-history":[{"count":2,"href":"https:\/\/schwarzmueller.com\/de\/wp-json\/wp\/v2\/posts\/51077\/revisions"}],"predecessor-version":[{"id":89797,"href":"https:\/\/schwarzmueller.com\/de\/wp-json\/wp\/v2\/posts\/51077\/revisions\/89797"}],"wp:featuredmedia":[{"embeddable":true,"href":"https:\/\/schwarzmueller.com\/de\/wp-json\/wp\/v2\/media\/89775"}],"wp:attachment":[{"href":"https:\/\/schwarzmueller.com\/de\/wp-json\/wp\/v2\/media?parent=51077"}],"wp:term":[{"taxonomy":"category","embeddable":true,"href":"https:\/\/schwarzmueller.com\/de\/wp-json\/wp\/v2\/categories?post=51077"},{"taxonomy":"post_tag","embeddable":true,"href":"https:\/\/schwarzmueller.com\/de\/wp-json\/wp\/v2\/tags?post=51077"}],"curies":[{"name":"wp","href":"https:\/\/api.w.org\/{rel}","templated":true}]}}