{"id":51076,"date":"2020-06-09T14:09:52","date_gmt":"2020-06-09T12:09:52","guid":{"rendered":"https:\/\/schwarzmueller.com\/ein-drittel-der-energie-kommt-aus-abwaerme\/"},"modified":"2024-08-14T14:22:11","modified_gmt":"2024-08-14T12:22:11","slug":"ein-drittel-der-energie-kommt-aus-abwaerme","status":"publish","type":"post","link":"https:\/\/schwarzmueller.com\/de\/ein-drittel-der-energie-kommt-aus-abwaerme\/","title":{"rendered":"Ein Drittel der Energie kommt aus Abw\u00e4rme"},"content":{"rendered":"\n<p><strong>Einsparung von 750 Tonnen CO2 und 5,4 Gigawattstunden pro Jahr &#8211; Photovoltaik auf Dachlandschaft wird derzeit gepr\u00fcft &#8211; Leichtbau f\u00fcr Emissionsreduzierung im Transport<\/strong><\/p>\n\n\n\n<p>Mit der Inbetriebnahme einer neuen Lackierstra\u00dfe konnte Schwarzm\u00fcller im Mutterwerk Hanzing den energieintensivsten Prozess der Fahrzeugproduktion, die Lackierung, durchg\u00e4ngig energieeffizient gestalten. Nun sorgt die Energier\u00fcckgewinnung aus der Abluft von allen drei Lackieranlagen daf\u00fcr, dass j\u00e4hrlich mehr als f\u00fcnf Gigawattstunden Energie eingespart werden. Das sind exakt 38 Prozent des gesamten Energiebedarfs. Aber nicht nur in der Produktion, auch bei den Fahrzeugen ist Schwarzm\u00fcller f\u00fchrend, was den nachhaltigen Betrieb betrifft.<\/p>\n\n\n\n<p>Vor wenigen Tagen wurde der Probebetrieb einer neuen, 54 Meter langen, automatisierten Lackierstra\u00dfe f\u00fcr die Schubbodenfahrzeuge im Werk Hanzing erfolgreich abgeschlossen. \u201eDie neue Lackierstra\u00dfe, in die wir eine Million Euro investiert haben, beweist, dass wir auch bei energieintensiven Prozessen nachhaltig arbeiten k\u00f6nnen\u201c, so CEO Roland Hartwig, heute, 10. Juni am Unternehmensstandort in Freinberg bei Sch\u00e4rding. \u201eDas rechnet sich nicht nur f\u00fcr die Umwelt, sondern auch f\u00fcr uns und unsere Kunden.\u201c<\/p>\n\n\n\n<p>Mehr als die H\u00e4lfte der gesamten Energie, die zur Erzeugung der j\u00e4hrlich 2.500 Fahrzeuge in Hanzing eingesetzt wird, f\u00e4llt in der Oberfl\u00e4chenbeschichtung, also bei Lackierung und Verzinkung, an. Davon werden jetzt rund 60 Prozent oder f\u00fcnf Gigawattstunden im Jahr eingespart. Bei diesem Arbeitsschritt werden tausende Kubikmeter Luft pro Stunde zur Trocknung der Oberfl\u00e4chen erhitzt. Mit der neuen Anlage wird die in der Abluft enthaltene Energie zur\u00fcckgewonnen und bis zu 95 Prozent davon nochmals zur Trocknung eingesetzt. \u201eSchon seit 20 Jahren investiert Schwarzm\u00fcller in die energetische Optimierung der Lackierung. Nun ist das Optimum auf dem heutigen Stand der Technik erreicht\u201c, freut sich der Schwarzm\u00fcller CEO.<\/p>\n\n\n\n<p><strong>Brunnenwasser statt Klimaanlage<\/strong><\/p>\n\n\n\n<p>Auch kleinere, aber konsequent umgesetzte Ma\u00dfnahmen helfen dem Premiumhersteller, noch mehr Energie zu sparen und damit klimafreundlich zu handeln. Die kilometerlangen W\u00e4rmeleitungen auf den mehr als 75.000 Quadratmeter Produktionsfl\u00e4chen sind ged\u00e4mmt, in allen Hallen wird die Beleuchtung derzeit auf LED-Lampen umgestellt. Zus\u00e4tzlich nutzt Schwarzm\u00fcller bei der K\u00fchlung von Schwei\u00dfvorg\u00e4ngen eigenes Brunnenwasser anstelle einer energieintensiven Klimaanlage. Das Wasser wird anschlie\u00dfend zur Versorgung des Unternehmens weiterverwendet. \u201eDurch intelligente L\u00f6sungen in allen Unternehmensbereichen schaffen wir mehr Effizienz und reduzieren den Ressourcenverbrauch\u201c, erkl\u00e4rt Hartwig.<\/p>\n\n\n\n<p><strong>Hackschnitzel gegen CO2-Aussto\u00df<\/strong><\/p>\n\n\n\n<p>Die CO2-Vermeidung ist bei Schwarzm\u00fcller seit zwei Jahrzehnten ein Thema und auch dabei z\u00e4hlt der Premiumhersteller von gezogenen Fahrzeugen zu den Vorreitern. \u201eWir haben seit 2007 eine eigene Hackschnitzelanlage,\u201c betont Hartwig. \u201eDamit k\u00f6nnten wir bis zu 4.500 Haushalte pro Jahr mit W\u00e4rmeenergie versorgen.\u201c Diese Anlage, f\u00fcr die das Holz aus der Umgebung kommt, versorgt sowohl die Produktion als auch die Verwaltung. Auf diese Weise k\u00f6nnen j\u00e4hrlich 708 Tonnen CO2 eingespart werden. Die gesamte CO2-Einsparung im Werk Hanzing nach den Verbesserungen in der Lackierung wird mit 750 Tonnen pro Jahr berechnet.<\/p>\n\n\n\n<p>Derzeit wird gepr\u00fcft, ob und wie die gro\u00dfe Dachlandschaft f\u00fcr die Stromerzeugung mit einer Photovoltaik-Anlage genutzt werden kann.<\/p>\n\n\n\n<p><strong>Leichtbau spart bei jeder Fahrt CO2<\/strong><\/p>\n\n\n\n<p>Zu den technischen L\u00f6sungen f\u00fcr mehr Nachhaltigkeit der erzeugten Produkte z\u00e4hlt der Leichtbau, den Schwarzm\u00fcller als einziger Hersteller in allen acht Fahrzeugfamilien anwendet. Durch die Reduktion von Eigengewicht werden Kraftstoffverbrauch und CO2-Emissionen beim Transport reduziert. Bei den Plateaufahrzeugen, die vor allem im Fernverkehr eingesetzt werden, sind 70 Prozent in Leichtbauweise gefertigt. \u201eUnser bis ins Detail optimierter Ultralight-Plateausattel erm\u00f6glicht die gr\u00f6\u00dfte Einsparung\u201c, erkl\u00e4rt Hartwig. \u201eUnd zwar pro Jahr bis zu zwei Tonnen CO2.\u201c Beim aktuellen Lang-Sattelanh\u00e4nger ergibt sich durch die Kombination aus Leichtbauweise und L\u00e4nge eine Einsparung von bis zu elf Prozent. Denn der Auflieger mit einer Ladefl\u00e4che von 14,98 Metern L\u00e4nge und einem um 1.000 Kilogramm reduziertem Eigengewicht erm\u00f6glicht eine Reduktion beim Kraftstoff um rund elf Prozent, womit die CO2-Emissionen in gleicher H\u00f6he sinken.<\/p>\n\n\n\n<p>Es gibt im Fahrzeugbau aber auch andere Ans\u00e4tze nachhaltiger Produktion: Seit 2019 verzichtet Schwarzm\u00fcller beim Boden der Tieflader auf den Einsatz von Tropenholz und ersetzt es durch unbehandeltes heimisches Holz. Als innovatives Unternehmen blickt Schwarzm\u00fcller schon weiter in die Zukunft. So ist man Mitglied einer VDA-Arbeitsgruppe f\u00fcr die serienreife Entwicklung von elektrifizierten Trailern, die eine CO2-Reduktion im Bereich von 16 bis 24 Prozent zum Ziel haben.<\/p>\n\n\n\n<p><em>F\u00fcr weitere Informationen: <\/em><\/p>\n\n\n\n<p>Mag. Michael Prock, Prock und Prock Marktkommunikation GmbH, Pressesprecher<br>Rochusgasse 4, 5020 Salzburg, \u00d6sterreich<br>E-Mail: <a href=\"mailto:mp@prock-prock.at\">mp@prock-prock.at, <\/a>T +43 662 8211550<br>___________________________________________________________________<\/p>\n\n\n\n<p>Die Schwarzm\u00fcller Gruppe ist einer der gr\u00f6\u00dften europ\u00e4ischen Anbieter f\u00fcr gezogene Nutzfahrzeuge. Das Unternehmen setzt durch seine Premiumausrichtung die Benchmarks der Branche und ist aufgrund der mehr als 140-j\u00e4hrigen Kompetenz der Spezialist fu\u0308r individuelle Transportl\u00f6sungen in anspruchsvollen Branchen. Mit Fahrzeugen der beiden Marken Schwarzm\u00fcller und H\u00fcffermann beliefert das Unternehmen die Bauwirtschaft, Infrastrukturunternehmen, die Rohstoff- und Wertstoffindustrie sowie Transportunternehmen im Fernverkehr.<\/p>\n","protected":false},"excerpt":{"rendered":"<ul>\n<li>Einsparung von 750 Tonnen CO2 und 5,4 Gigawattstunden pro Jahr<\/li>\n<li>Photovoltaik auf Dachlandschaft wird derzeit gepr\u00fcft<\/li>\n<li>Leichtbau f\u00fcr Emissionsreduzierung im Transport<\/li>\n<\/ul>\n","protected":false},"author":5,"featured_media":35281,"comment_status":"closed","ping_status":"open","sticky":false,"template":"","format":"standard","meta":{"_acf_changed":false,"_relevanssi_hide_post":"","_relevanssi_hide_content":"","_relevanssi_pin_for_all":"","_relevanssi_pin_keywords":"","_relevanssi_unpin_keywords":"","_relevanssi_related_keywords":"","_relevanssi_related_include_ids":"","_relevanssi_related_exclude_ids":"","_relevanssi_related_no_append":"","_relevanssi_related_not_related":"","_relevanssi_related_posts":"51118,51151,51152,51149,51150,51142","_relevanssi_noindex_reason":"","footnotes":""},"categories":[1],"tags":[],"class_list":["post-51076","post","type-post","status-publish","format-standard","has-post-thumbnail","hentry","category-beitrag"],"acf":[],"yoast_head":"<!-- This site is optimized with the Yoast SEO Premium plugin v26.4 (Yoast SEO v27.2) - https:\/\/yoast.com\/product\/yoast-seo-premium-wordpress\/ -->\n<title>Ein Drittel der Energie kommt aus Abw\u00e4rme - Schwarzm\u00fcller<\/title>\n<meta name=\"robots\" content=\"index, follow, max-snippet:-1, max-image-preview:large, max-video-preview:-1\" \/>\n<link rel=\"canonical\" href=\"https:\/\/schwarzmueller.com\/de\/ein-drittel-der-energie-kommt-aus-abwaerme\/\" \/>\n<meta property=\"og:locale\" content=\"de_DE\" \/>\n<meta property=\"og:type\" content=\"article\" \/>\n<meta property=\"og:title\" content=\"Ein Drittel der Energie kommt aus Abw\u00e4rme\" \/>\n<meta property=\"og:description\" content=\"Einsparung von 750 Tonnen CO2 und 5,4 Gigawattstunden pro Jahr Photovoltaik auf Dachlandschaft wird derzeit gepr\u00fcft Leichtbau f\u00fcr Emissionsreduzierung im Transport\" \/>\n<meta property=\"og:url\" content=\"https:\/\/schwarzmueller.com\/de\/ein-drittel-der-energie-kommt-aus-abwaerme\/\" \/>\n<meta property=\"og:site_name\" content=\"Schwarzm\u00fcller\" \/>\n<meta property=\"article:published_time\" content=\"2020-06-09T12:09:52+00:00\" \/>\n<meta property=\"article:modified_time\" content=\"2024-08-14T12:22:11+00:00\" \/>\n<meta property=\"og:image\" content=\"https:\/\/schwarzmueller.com\/wp-content\/uploads\/2024\/03\/csm_schwarzmueller_lackieranlage_red_8e53597039.jpg\" \/>\n\t<meta property=\"og:image:width\" content=\"768\" \/>\n\t<meta property=\"og:image:height\" content=\"507\" \/>\n\t<meta property=\"og:image:type\" content=\"image\/jpeg\" \/>\n<meta name=\"author\" content=\"hamed jenabi\" \/>\n<meta name=\"twitter:card\" content=\"summary_large_image\" \/>\n<meta name=\"twitter:label1\" content=\"Verfasst von\" \/>\n\t<meta name=\"twitter:data1\" content=\"hamed jenabi\" \/>\n\t<meta name=\"twitter:label2\" content=\"Gesch\u00e4tzte Lesezeit\" \/>\n\t<meta name=\"twitter:data2\" content=\"5\u00a0Minuten\" \/>\n<script type=\"application\/ld+json\" class=\"yoast-schema-graph\">{\"@context\":\"https:\/\/schema.org\",\"@graph\":[{\"@type\":\"Article\",\"@id\":\"https:\/\/schwarzmueller.com\/de\/ein-drittel-der-energie-kommt-aus-abwaerme\/#article\",\"isPartOf\":{\"@id\":\"https:\/\/schwarzmueller.com\/de\/ein-drittel-der-energie-kommt-aus-abwaerme\/\"},\"author\":{\"name\":\"hamed jenabi\",\"@id\":\"https:\/\/schwarzmueller.com\/en\/#\/schema\/person\/1b3f17db980ba882a67bf06e04f3e9f9\"},\"headline\":\"Ein Drittel der Energie kommt aus Abw\u00e4rme\",\"datePublished\":\"2020-06-09T12:09:52+00:00\",\"dateModified\":\"2024-08-14T12:22:11+00:00\",\"mainEntityOfPage\":{\"@id\":\"https:\/\/schwarzmueller.com\/de\/ein-drittel-der-energie-kommt-aus-abwaerme\/\"},\"wordCount\":803,\"publisher\":{\"@id\":\"https:\/\/schwarzmueller.com\/en\/#organization\"},\"image\":{\"@id\":\"https:\/\/schwarzmueller.com\/de\/ein-drittel-der-energie-kommt-aus-abwaerme\/#primaryimage\"},\"thumbnailUrl\":\"https:\/\/schwarzmueller.com\/wp-content\/uploads\/2024\/03\/csm_schwarzmueller_lackieranlage_red_8e53597039.jpg\",\"articleSection\":[\"beitrag\"],\"inLanguage\":\"de\"},{\"@type\":\"WebPage\",\"@id\":\"https:\/\/schwarzmueller.com\/de\/ein-drittel-der-energie-kommt-aus-abwaerme\/\",\"url\":\"https:\/\/schwarzmueller.com\/de\/ein-drittel-der-energie-kommt-aus-abwaerme\/\",\"name\":\"Ein Drittel der Energie kommt aus Abw\u00e4rme - Schwarzm\u00fcller\",\"isPartOf\":{\"@id\":\"https:\/\/schwarzmueller.com\/en\/#website\"},\"primaryImageOfPage\":{\"@id\":\"https:\/\/schwarzmueller.com\/de\/ein-drittel-der-energie-kommt-aus-abwaerme\/#primaryimage\"},\"image\":{\"@id\":\"https:\/\/schwarzmueller.com\/de\/ein-drittel-der-energie-kommt-aus-abwaerme\/#primaryimage\"},\"thumbnailUrl\":\"https:\/\/schwarzmueller.com\/wp-content\/uploads\/2024\/03\/csm_schwarzmueller_lackieranlage_red_8e53597039.jpg\",\"datePublished\":\"2020-06-09T12:09:52+00:00\",\"dateModified\":\"2024-08-14T12:22:11+00:00\",\"breadcrumb\":{\"@id\":\"https:\/\/schwarzmueller.com\/de\/ein-drittel-der-energie-kommt-aus-abwaerme\/#breadcrumb\"},\"inLanguage\":\"de\",\"potentialAction\":[{\"@type\":\"ReadAction\",\"target\":[\"https:\/\/schwarzmueller.com\/de\/ein-drittel-der-energie-kommt-aus-abwaerme\/\"]}]},{\"@type\":\"ImageObject\",\"inLanguage\":\"de\",\"@id\":\"https:\/\/schwarzmueller.com\/de\/ein-drittel-der-energie-kommt-aus-abwaerme\/#primaryimage\",\"url\":\"https:\/\/schwarzmueller.com\/wp-content\/uploads\/2024\/03\/csm_schwarzmueller_lackieranlage_red_8e53597039.jpg\",\"contentUrl\":\"https:\/\/schwarzmueller.com\/wp-content\/uploads\/2024\/03\/csm_schwarzmueller_lackieranlage_red_8e53597039.jpg\",\"width\":768,\"height\":507,\"caption\":\"Die W\u00e4rmer\u00fcckgewinnung in den Lackieranlagen des Werks Hanzing erm\u00f6glicht eine Energieeinsparung von mehr als f\u00fcnf Gigawattstunden pro Jahr.\"},{\"@type\":\"BreadcrumbList\",\"@id\":\"https:\/\/schwarzmueller.com\/de\/ein-drittel-der-energie-kommt-aus-abwaerme\/#breadcrumb\",\"itemListElement\":[{\"@type\":\"ListItem\",\"position\":1,\"name\":\"Home\",\"item\":\"https:\/\/schwarzmueller.com\/de\/home\/\"},{\"@type\":\"ListItem\",\"position\":2,\"name\":\"Ein Drittel der Energie kommt aus Abw\u00e4rme\"}]},{\"@type\":\"WebSite\",\"@id\":\"https:\/\/schwarzmueller.com\/en\/#website\",\"url\":\"https:\/\/schwarzmueller.com\/en\/\",\"name\":\"Schwarzm\u00fcller | Intelligente Fahrzeuge\",\"description\":\"Ganz auf exzellente Fahrzeugtechnik gebaut\",\"publisher\":{\"@id\":\"https:\/\/schwarzmueller.com\/en\/#organization\"},\"alternateName\":\"Schwarzm\u00fcller\",\"potentialAction\":[{\"@type\":\"SearchAction\",\"target\":{\"@type\":\"EntryPoint\",\"urlTemplate\":\"https:\/\/schwarzmueller.com\/en\/?s={search_term_string}\"},\"query-input\":{\"@type\":\"PropertyValueSpecification\",\"valueRequired\":true,\"valueName\":\"search_term_string\"}}],\"inLanguage\":\"de\"},{\"@type\":\"Organization\",\"@id\":\"https:\/\/schwarzmueller.com\/en\/#organization\",\"name\":\"Schwarzm\u00fcller\",\"url\":\"https:\/\/schwarzmueller.com\/en\/\",\"logo\":{\"@type\":\"ImageObject\",\"inLanguage\":\"de\",\"@id\":\"https:\/\/schwarzmueller.com\/en\/#\/schema\/logo\/image\/\",\"url\":\"https:\/\/schwarzmueller.com\/wp-content\/uploads\/2024\/05\/sm_icon_logo.svg\",\"contentUrl\":\"https:\/\/schwarzmueller.com\/wp-content\/uploads\/2024\/05\/sm_icon_logo.svg\",\"width\":1,\"height\":1,\"caption\":\"Schwarzm\u00fcller\"},\"image\":{\"@id\":\"https:\/\/schwarzmueller.com\/en\/#\/schema\/logo\/image\/\"}},{\"@type\":\"Person\",\"@id\":\"https:\/\/schwarzmueller.com\/en\/#\/schema\/person\/1b3f17db980ba882a67bf06e04f3e9f9\",\"name\":\"hamed jenabi\",\"url\":\"https:\/\/schwarzmueller.com\/de\/author\/hamed\/\"}]}<\/script>\n<!-- \/ Yoast SEO Premium plugin. -->","yoast_head_json":{"title":"Ein Drittel der Energie kommt aus Abw\u00e4rme - Schwarzm\u00fcller","robots":{"index":"index","follow":"follow","max-snippet":"max-snippet:-1","max-image-preview":"max-image-preview:large","max-video-preview":"max-video-preview:-1"},"canonical":"https:\/\/schwarzmueller.com\/de\/ein-drittel-der-energie-kommt-aus-abwaerme\/","og_locale":"de_DE","og_type":"article","og_title":"Ein Drittel der Energie kommt aus Abw\u00e4rme","og_description":"Einsparung von 750 Tonnen CO2 und 5,4 Gigawattstunden pro Jahr Photovoltaik auf Dachlandschaft wird derzeit gepr\u00fcft Leichtbau f\u00fcr Emissionsreduzierung im Transport","og_url":"https:\/\/schwarzmueller.com\/de\/ein-drittel-der-energie-kommt-aus-abwaerme\/","og_site_name":"Schwarzm\u00fcller","article_published_time":"2020-06-09T12:09:52+00:00","article_modified_time":"2024-08-14T12:22:11+00:00","og_image":[{"width":768,"height":507,"url":"https:\/\/schwarzmueller.com\/wp-content\/uploads\/2024\/03\/csm_schwarzmueller_lackieranlage_red_8e53597039.jpg","type":"image\/jpeg"}],"author":"hamed jenabi","twitter_card":"summary_large_image","twitter_misc":{"Verfasst von":"hamed jenabi","Gesch\u00e4tzte Lesezeit":"5\u00a0Minuten"},"schema":{"@context":"https:\/\/schema.org","@graph":[{"@type":"Article","@id":"https:\/\/schwarzmueller.com\/de\/ein-drittel-der-energie-kommt-aus-abwaerme\/#article","isPartOf":{"@id":"https:\/\/schwarzmueller.com\/de\/ein-drittel-der-energie-kommt-aus-abwaerme\/"},"author":{"name":"hamed jenabi","@id":"https:\/\/schwarzmueller.com\/en\/#\/schema\/person\/1b3f17db980ba882a67bf06e04f3e9f9"},"headline":"Ein Drittel der Energie kommt aus Abw\u00e4rme","datePublished":"2020-06-09T12:09:52+00:00","dateModified":"2024-08-14T12:22:11+00:00","mainEntityOfPage":{"@id":"https:\/\/schwarzmueller.com\/de\/ein-drittel-der-energie-kommt-aus-abwaerme\/"},"wordCount":803,"publisher":{"@id":"https:\/\/schwarzmueller.com\/en\/#organization"},"image":{"@id":"https:\/\/schwarzmueller.com\/de\/ein-drittel-der-energie-kommt-aus-abwaerme\/#primaryimage"},"thumbnailUrl":"https:\/\/schwarzmueller.com\/wp-content\/uploads\/2024\/03\/csm_schwarzmueller_lackieranlage_red_8e53597039.jpg","articleSection":["beitrag"],"inLanguage":"de"},{"@type":"WebPage","@id":"https:\/\/schwarzmueller.com\/de\/ein-drittel-der-energie-kommt-aus-abwaerme\/","url":"https:\/\/schwarzmueller.com\/de\/ein-drittel-der-energie-kommt-aus-abwaerme\/","name":"Ein Drittel der Energie kommt aus Abw\u00e4rme - Schwarzm\u00fcller","isPartOf":{"@id":"https:\/\/schwarzmueller.com\/en\/#website"},"primaryImageOfPage":{"@id":"https:\/\/schwarzmueller.com\/de\/ein-drittel-der-energie-kommt-aus-abwaerme\/#primaryimage"},"image":{"@id":"https:\/\/schwarzmueller.com\/de\/ein-drittel-der-energie-kommt-aus-abwaerme\/#primaryimage"},"thumbnailUrl":"https:\/\/schwarzmueller.com\/wp-content\/uploads\/2024\/03\/csm_schwarzmueller_lackieranlage_red_8e53597039.jpg","datePublished":"2020-06-09T12:09:52+00:00","dateModified":"2024-08-14T12:22:11+00:00","breadcrumb":{"@id":"https:\/\/schwarzmueller.com\/de\/ein-drittel-der-energie-kommt-aus-abwaerme\/#breadcrumb"},"inLanguage":"de","potentialAction":[{"@type":"ReadAction","target":["https:\/\/schwarzmueller.com\/de\/ein-drittel-der-energie-kommt-aus-abwaerme\/"]}]},{"@type":"ImageObject","inLanguage":"de","@id":"https:\/\/schwarzmueller.com\/de\/ein-drittel-der-energie-kommt-aus-abwaerme\/#primaryimage","url":"https:\/\/schwarzmueller.com\/wp-content\/uploads\/2024\/03\/csm_schwarzmueller_lackieranlage_red_8e53597039.jpg","contentUrl":"https:\/\/schwarzmueller.com\/wp-content\/uploads\/2024\/03\/csm_schwarzmueller_lackieranlage_red_8e53597039.jpg","width":768,"height":507,"caption":"Die W\u00e4rmer\u00fcckgewinnung in den Lackieranlagen des Werks Hanzing erm\u00f6glicht eine Energieeinsparung von mehr als f\u00fcnf Gigawattstunden pro Jahr."},{"@type":"BreadcrumbList","@id":"https:\/\/schwarzmueller.com\/de\/ein-drittel-der-energie-kommt-aus-abwaerme\/#breadcrumb","itemListElement":[{"@type":"ListItem","position":1,"name":"Home","item":"https:\/\/schwarzmueller.com\/de\/home\/"},{"@type":"ListItem","position":2,"name":"Ein Drittel der Energie kommt aus Abw\u00e4rme"}]},{"@type":"WebSite","@id":"https:\/\/schwarzmueller.com\/en\/#website","url":"https:\/\/schwarzmueller.com\/en\/","name":"Schwarzm\u00fcller | Intelligente Fahrzeuge","description":"Ganz auf exzellente Fahrzeugtechnik gebaut","publisher":{"@id":"https:\/\/schwarzmueller.com\/en\/#organization"},"alternateName":"Schwarzm\u00fcller","potentialAction":[{"@type":"SearchAction","target":{"@type":"EntryPoint","urlTemplate":"https:\/\/schwarzmueller.com\/en\/?s={search_term_string}"},"query-input":{"@type":"PropertyValueSpecification","valueRequired":true,"valueName":"search_term_string"}}],"inLanguage":"de"},{"@type":"Organization","@id":"https:\/\/schwarzmueller.com\/en\/#organization","name":"Schwarzm\u00fcller","url":"https:\/\/schwarzmueller.com\/en\/","logo":{"@type":"ImageObject","inLanguage":"de","@id":"https:\/\/schwarzmueller.com\/en\/#\/schema\/logo\/image\/","url":"https:\/\/schwarzmueller.com\/wp-content\/uploads\/2024\/05\/sm_icon_logo.svg","contentUrl":"https:\/\/schwarzmueller.com\/wp-content\/uploads\/2024\/05\/sm_icon_logo.svg","width":1,"height":1,"caption":"Schwarzm\u00fcller"},"image":{"@id":"https:\/\/schwarzmueller.com\/en\/#\/schema\/logo\/image\/"}},{"@type":"Person","@id":"https:\/\/schwarzmueller.com\/en\/#\/schema\/person\/1b3f17db980ba882a67bf06e04f3e9f9","name":"hamed jenabi","url":"https:\/\/schwarzmueller.com\/de\/author\/hamed\/"}]}},"_links":{"self":[{"href":"https:\/\/schwarzmueller.com\/de\/wp-json\/wp\/v2\/posts\/51076","targetHints":{"allow":["GET"]}}],"collection":[{"href":"https:\/\/schwarzmueller.com\/de\/wp-json\/wp\/v2\/posts"}],"about":[{"href":"https:\/\/schwarzmueller.com\/de\/wp-json\/wp\/v2\/types\/post"}],"author":[{"embeddable":true,"href":"https:\/\/schwarzmueller.com\/de\/wp-json\/wp\/v2\/users\/5"}],"replies":[{"embeddable":true,"href":"https:\/\/schwarzmueller.com\/de\/wp-json\/wp\/v2\/comments?post=51076"}],"version-history":[{"count":1,"href":"https:\/\/schwarzmueller.com\/de\/wp-json\/wp\/v2\/posts\/51076\/revisions"}],"predecessor-version":[{"id":66984,"href":"https:\/\/schwarzmueller.com\/de\/wp-json\/wp\/v2\/posts\/51076\/revisions\/66984"}],"wp:featuredmedia":[{"embeddable":true,"href":"https:\/\/schwarzmueller.com\/de\/wp-json\/wp\/v2\/media\/35281"}],"wp:attachment":[{"href":"https:\/\/schwarzmueller.com\/de\/wp-json\/wp\/v2\/media?parent=51076"}],"wp:term":[{"taxonomy":"category","embeddable":true,"href":"https:\/\/schwarzmueller.com\/de\/wp-json\/wp\/v2\/categories?post=51076"},{"taxonomy":"post_tag","embeddable":true,"href":"https:\/\/schwarzmueller.com\/de\/wp-json\/wp\/v2\/tags?post=51076"}],"curies":[{"name":"wp","href":"https:\/\/api.w.org\/{rel}","templated":true}]}}