{"id":51073,"date":"2020-04-08T08:44:04","date_gmt":"2020-04-08T06:44:04","guid":{"rendered":"https:\/\/schwarzmueller.com\/mietfahrzeuge-werden-neuerlich-aufgestockt\/"},"modified":"2024-07-23T16:30:46","modified_gmt":"2024-07-23T14:30:46","slug":"mietfahrzeuge-werden-neuerlich-aufgestockt","status":"publish","type":"post","link":"https:\/\/schwarzmueller.com\/de\/mietfahrzeuge-werden-neuerlich-aufgestockt\/","title":{"rendered":"Mietfahrzeuge werden neuerlich aufgestockt"},"content":{"rendered":"\n<p>Die Schwarzm\u00fcller Gruppe wird ihre Mietflotte um weitere 15 Prozent aufstocken. Insgesamt werden 2020 rund 1.600 Fahrzeuge in den sieben Hauptm\u00e4rkten in Mittel- und-Ostmitteleuropa im Einsatz sein. Der Ausbau der Flotte in Deutschland bietet ganz neue Perspektiven, da der \u00f6sterreichische Premiumhersteller \u00fcber drei eigene Niederlassungen erstmals den ganzen Markt bespielen kann. Das gab CEO Roland Hartwig, heute, 8. April, am Unternehmenssitz in Freinberg bei Sch\u00e4rding (\u00d6sterreich) bekannt. Die Strategie der Mietflotte wird eng an jene f\u00fcr Neufahrzeuge herangef\u00fchrt: In beiden Gesch\u00e4ftsfeldern stehen topausgestattete Fahrzeuge zur Verf\u00fcgung, auf blo\u00dfe Standardfahrzeuge wird zunehmend verzichtet. Vor allem f\u00fcr die Branchen Bau und Infrastruktur ist ein Komplettangebot verschiedenster Modelle verf\u00fcgbar.<\/p>\n\n\n\n<p>Als einer der wenigen gro\u00dfen europ\u00e4ischen Hersteller von gezogenen Nutzfahrzeugen betreibt Schwarzm\u00fcller eine eigene Mietflotte. In jedem Hauptmarkt gibt es mindestens eine Drehscheibe daf\u00fcr. In \u00d6sterreich, dem aktuell wichtigsten Markt f\u00fcr diesen After Sale-Service, stehen daf\u00fcr alle f\u00fcnf Niederlassungen zur Verf\u00fcgung. Die Zentrale ist in Wels angesiedelt. In Ungarn und in Tschechien erf\u00fcllen diese Funktion die Werksstandorte in Dunaharaszti und Zebrak. In Deutschland bietet, neben dem 2018 er\u00f6ffneten Standort im fr\u00e4nkischen Eltmann, nun auch der Hauptsitz von H\u00fcffermann Transportsysteme in Neustadt\/Dosse (Brandenburg) diesen Service. Das Unternehmen wurde k\u00fcrzlich von Schwarzm\u00fcller \u00fcbernommen. Zudem kommt die Mietflotte auch in Italien, Polen und der Schweiz erfolgreich zum Einsatz.<\/p>\n\n\n\n<p><strong>Neufahrzeuge in gr\u00f6\u00dfter Vielfalt<\/strong><\/p>\n\n\n\n<p>Die Flotte besteht aus Neufahrzeugen, die direkt von den Produktionsb\u00e4ndern kommen und maximal drei Jahre im Einsatz stehen. \u00dcberwiegend werden den Kunden Spezialfahrzeuge angeboten. \u201eUnsere Vielfalt ist konkurrenzlos. Alleine vom Hauptmodell Kippsattel stehen meist 20 Fahrzeugtypen zum Einsatz bereit\u201c, betonte Hartwig. Die Palette reicht von Modellen mit verschiedener Achsenanzahl \u00fcber Stahl- und Alu-Kipper in jeder Kombination bis hin zu Gro\u00dfraum- und Thermomulden. Holzrungenfahrzeuge, unterschiedliche Tieflader, Schubbodenfahrzeuge und Tankfahrzeuge sind ebenfalls gefragt. Etwa 1.100 Fahrzeuge stehen f\u00fcr den Einsatz auf Baustellen und bei Infrastrukturprojekten bereit. Diese Produkte bilden mittlerweile auch bei den Neufahrzeugen das gr\u00f6\u00dfte Segment bei Schwarzm\u00fcller. Die restlichen 500 St\u00fcck sind Fernverkehrsfahrzeuge, wobei hier ebenfalls die Spezialfahrzeuge dominieren. Dazu z\u00e4hlen Leichtbautrailer mit branchenspezifischen Varianten f\u00fcr Papier-, Stahl- und Getr\u00e4nketransporte oder der Leichtbau-Megatrailer f\u00fcr die Automobilindustrie.<\/p>\n\n\n\n<p><strong>Mietangebot als Teil gelebter Kundenn\u00e4he<\/strong><\/p>\n\n\n\n<p>Dieses internationale Engagement von Schwarzm\u00fcller bei Mietfahrzeugen erkl\u00e4rt sich einerseits aus der Nischenstrategie, andererseits aus der Kundenn\u00e4he, die der \u00f6sterreichische Premiumhersteller lebt. \u201eWir entfernen uns konsequent vom Standardfahrzeug. Stattdessen setzen wir voll auf Produkte, die einen messbaren Mehrwert bringen. Diesen erzielen wir durch Leichtbau, besondere Konfigurationen oder innovative Ausstattung\u201c, betonte Hartwig. Den Mehrwert k\u00f6nnen Kunden f\u00fcr die Einsatzdauer des Fahrzeuges live erleben. \u201eEine bessere Produkterfahrung kann es nicht geben\u201c, ist Hartwig \u00fcberzeugt.<\/p>\n\n\n\n<p><strong>Flexibler Einsatz f\u00fcr Spitzenzeiten<\/strong><\/p>\n\n\n\n<p>Die Mietfahrzeuge dienen der Abdeckung von Auftragsspitzen ebenso wie zum saisonalen Einsatz in speziellen Gesch\u00e4ftsfeldern, etwa f\u00fcr Holztransporte nach Waldsch\u00e4den. H\u00e4ufig werden universell einsetzbare Fahrzeuge wie der Schubboden gemietet, weil sie viel flexibler als Standardfahrzeuge einsetzbar sind. Der Gro\u00dfteil der Mietkunden sei, so Hartwig, mit Schwarzm\u00fcller bereits in Gesch\u00e4ftsbeziehungen. Es gibt aber auch zahlreiche Interessenten, die \u00fcber die Miete das Produkt auf Herz und Nieren pr\u00fcfen wollen. \u201eDeshalb statten wir unsere Mietflotte durchwegs mit den neuesten technischen Innovationen aus. So erhalten wir rasch R\u00fcckmeldung und sehen, wie sich eine Neuerung bew\u00e4hrt\u201c, erl\u00e4uterte Hartwig. Die Mietdauer von Schwarzm\u00fcller Fahrzeugen reicht von wenigen Wochen bis zu mehreren Jahren.<\/p>\n\n\n\n<p><em>F\u00fcr weitere Informationen: <\/em><\/p>\n\n\n\n<p>Mag. Michael Prock, Prock und Prock Marktkommunikation GmbH, Pressesprecher<br>Rochusgasse 4, 5020 Salzburg, \u00d6sterreich<br>E-Mail: <a href=\"mailto:mp@prock-prock.at\">mp@prock-prock.at, <\/a>Tel.: +43.662.821155.0<br>___________________________________________________________________<\/p>\n\n\n\n<p>Die Schwarzm\u00fcller Gruppe ist einer der gr\u00f6\u00dften europ\u00e4ischen Anbieter f\u00fcr gezogene Nutzfahrzeuge. Das Unternehmen setzt durch seine Premiumausrichtung die Benchmarks der Branche und ist aufgrund der mehr als 140-j\u00e4hrigen Kompetenz der Spezialist fu\u0308r individuelle Transportl\u00f6sungen in anspruchsvollen Branchen. Mit Fahrzeugen der beiden Marken Schwarzm\u00fcller und H\u00fcffermann beliefert das Unternehmen die Bauwirtschaft, Infrastrukturunternehmen, die Rohstoff- und Wertstoffindustrie sowie Transportunternehmen im Fernverkehr.<\/p>\n","protected":false},"excerpt":{"rendered":"<ul>\n<li>Deutschland: neuer Fokus nach \u00dcbernahme von H\u00fcffermann<\/li>\n<li>Nischenstrategie auch bei Mietfahrzeugen<\/li>\n<li>Mietkunden als \u201eTestmarkt\u201c f\u00fcr Innovationen<\/li>\n<\/ul>\n","protected":false},"author":5,"featured_media":35059,"comment_status":"closed","ping_status":"open","sticky":false,"template":"","format":"standard","meta":{"_acf_changed":false,"_relevanssi_hide_post":"","_relevanssi_hide_content":"","_relevanssi_pin_for_all":"","_relevanssi_pin_keywords":"","_relevanssi_unpin_keywords":"","_relevanssi_related_keywords":"","_relevanssi_related_include_ids":"","_relevanssi_related_exclude_ids":"","_relevanssi_related_no_append":"","_relevanssi_related_not_related":"","_relevanssi_related_posts":"51098,51045,51136,51142,51151,51152","_relevanssi_noindex_reason":"","footnotes":""},"categories":[1],"tags":[],"class_list":["post-51073","post","type-post","status-publish","format-standard","has-post-thumbnail","hentry","category-beitrag"],"acf":[],"yoast_head":"<!-- This site is optimized with the Yoast SEO Premium plugin v26.4 (Yoast SEO v27.2) - https:\/\/yoast.com\/product\/yoast-seo-premium-wordpress\/ -->\n<title>Mietfahrzeuge werden neuerlich aufgestockt - Schwarzm\u00fcller<\/title>\n<meta name=\"robots\" content=\"index, follow, max-snippet:-1, max-image-preview:large, max-video-preview:-1\" \/>\n<link rel=\"canonical\" href=\"https:\/\/schwarzmueller.com\/de\/mietfahrzeuge-werden-neuerlich-aufgestockt\/\" \/>\n<meta property=\"og:locale\" content=\"de_DE\" \/>\n<meta property=\"og:type\" content=\"article\" \/>\n<meta property=\"og:title\" content=\"Mietfahrzeuge werden neuerlich aufgestockt\" \/>\n<meta property=\"og:description\" content=\"Deutschland: neuer Fokus nach \u00dcbernahme von H\u00fcffermann Nischenstrategie auch bei Mietfahrzeugen Mietkunden als \u201eTestmarkt\u201c f\u00fcr Innovationen\" \/>\n<meta property=\"og:url\" content=\"https:\/\/schwarzmueller.com\/de\/mietfahrzeuge-werden-neuerlich-aufgestockt\/\" \/>\n<meta property=\"og:site_name\" content=\"Schwarzm\u00fcller\" \/>\n<meta property=\"article:published_time\" content=\"2020-04-08T06:44:04+00:00\" \/>\n<meta property=\"article:modified_time\" content=\"2024-07-23T14:30:46+00:00\" \/>\n<meta property=\"og:image\" content=\"https:\/\/schwarzmueller.com\/wp-content\/uploads\/2024\/03\/csm_3achs_vollalu_segmentmulden-kippsattel_red_d0626a7c55.jpg\" \/>\n\t<meta property=\"og:image:width\" content=\"768\" \/>\n\t<meta property=\"og:image:height\" content=\"523\" \/>\n\t<meta property=\"og:image:type\" content=\"image\/jpeg\" \/>\n<meta name=\"author\" content=\"hamed jenabi\" \/>\n<meta name=\"twitter:card\" content=\"summary_large_image\" \/>\n<meta name=\"twitter:label1\" content=\"Verfasst von\" \/>\n\t<meta name=\"twitter:data1\" content=\"hamed jenabi\" \/>\n\t<meta name=\"twitter:label2\" content=\"Gesch\u00e4tzte Lesezeit\" \/>\n\t<meta name=\"twitter:data2\" content=\"4\u00a0Minuten\" \/>\n<script type=\"application\/ld+json\" class=\"yoast-schema-graph\">{\"@context\":\"https:\/\/schema.org\",\"@graph\":[{\"@type\":\"Article\",\"@id\":\"https:\/\/schwarzmueller.com\/de\/mietfahrzeuge-werden-neuerlich-aufgestockt\/#article\",\"isPartOf\":{\"@id\":\"https:\/\/schwarzmueller.com\/de\/mietfahrzeuge-werden-neuerlich-aufgestockt\/\"},\"author\":{\"name\":\"hamed jenabi\",\"@id\":\"https:\/\/schwarzmueller.com\/en\/#\/schema\/person\/1b3f17db980ba882a67bf06e04f3e9f9\"},\"headline\":\"Mietfahrzeuge werden neuerlich aufgestockt\",\"datePublished\":\"2020-04-08T06:44:04+00:00\",\"dateModified\":\"2024-07-23T14:30:46+00:00\",\"mainEntityOfPage\":{\"@id\":\"https:\/\/schwarzmueller.com\/de\/mietfahrzeuge-werden-neuerlich-aufgestockt\/\"},\"wordCount\":667,\"publisher\":{\"@id\":\"https:\/\/schwarzmueller.com\/en\/#organization\"},\"image\":{\"@id\":\"https:\/\/schwarzmueller.com\/de\/mietfahrzeuge-werden-neuerlich-aufgestockt\/#primaryimage\"},\"thumbnailUrl\":\"https:\/\/schwarzmueller.com\/wp-content\/uploads\/2024\/03\/csm_3achs_vollalu_segmentmulden-kippsattel_red_d0626a7c55.jpg\",\"articleSection\":[\"beitrag\"],\"inLanguage\":\"de\"},{\"@type\":\"WebPage\",\"@id\":\"https:\/\/schwarzmueller.com\/de\/mietfahrzeuge-werden-neuerlich-aufgestockt\/\",\"url\":\"https:\/\/schwarzmueller.com\/de\/mietfahrzeuge-werden-neuerlich-aufgestockt\/\",\"name\":\"Mietfahrzeuge werden neuerlich aufgestockt - Schwarzm\u00fcller\",\"isPartOf\":{\"@id\":\"https:\/\/schwarzmueller.com\/en\/#website\"},\"primaryImageOfPage\":{\"@id\":\"https:\/\/schwarzmueller.com\/de\/mietfahrzeuge-werden-neuerlich-aufgestockt\/#primaryimage\"},\"image\":{\"@id\":\"https:\/\/schwarzmueller.com\/de\/mietfahrzeuge-werden-neuerlich-aufgestockt\/#primaryimage\"},\"thumbnailUrl\":\"https:\/\/schwarzmueller.com\/wp-content\/uploads\/2024\/03\/csm_3achs_vollalu_segmentmulden-kippsattel_red_d0626a7c55.jpg\",\"datePublished\":\"2020-04-08T06:44:04+00:00\",\"dateModified\":\"2024-07-23T14:30:46+00:00\",\"breadcrumb\":{\"@id\":\"https:\/\/schwarzmueller.com\/de\/mietfahrzeuge-werden-neuerlich-aufgestockt\/#breadcrumb\"},\"inLanguage\":\"de\",\"potentialAction\":[{\"@type\":\"ReadAction\",\"target\":[\"https:\/\/schwarzmueller.com\/de\/mietfahrzeuge-werden-neuerlich-aufgestockt\/\"]}]},{\"@type\":\"ImageObject\",\"inLanguage\":\"de\",\"@id\":\"https:\/\/schwarzmueller.com\/de\/mietfahrzeuge-werden-neuerlich-aufgestockt\/#primaryimage\",\"url\":\"https:\/\/schwarzmueller.com\/wp-content\/uploads\/2024\/03\/csm_3achs_vollalu_segmentmulden-kippsattel_red_d0626a7c55.jpg\",\"contentUrl\":\"https:\/\/schwarzmueller.com\/wp-content\/uploads\/2024\/03\/csm_3achs_vollalu_segmentmulden-kippsattel_red_d0626a7c55.jpg\",\"width\":768,\"height\":523,\"caption\":\"Schwarzm\u00fcller baut seine Mietflotte weiter aus. Zur Verf\u00fcgung stehen dabei auch zahlreiche Spezialfahrzeuge.\"},{\"@type\":\"BreadcrumbList\",\"@id\":\"https:\/\/schwarzmueller.com\/de\/mietfahrzeuge-werden-neuerlich-aufgestockt\/#breadcrumb\",\"itemListElement\":[{\"@type\":\"ListItem\",\"position\":1,\"name\":\"Home\",\"item\":\"https:\/\/schwarzmueller.com\/de\/home\/\"},{\"@type\":\"ListItem\",\"position\":2,\"name\":\"Mietfahrzeuge werden neuerlich aufgestockt\"}]},{\"@type\":\"WebSite\",\"@id\":\"https:\/\/schwarzmueller.com\/en\/#website\",\"url\":\"https:\/\/schwarzmueller.com\/en\/\",\"name\":\"Schwarzm\u00fcller | Intelligente Fahrzeuge\",\"description\":\"Ganz auf exzellente Fahrzeugtechnik gebaut\",\"publisher\":{\"@id\":\"https:\/\/schwarzmueller.com\/en\/#organization\"},\"alternateName\":\"Schwarzm\u00fcller\",\"potentialAction\":[{\"@type\":\"SearchAction\",\"target\":{\"@type\":\"EntryPoint\",\"urlTemplate\":\"https:\/\/schwarzmueller.com\/en\/?s={search_term_string}\"},\"query-input\":{\"@type\":\"PropertyValueSpecification\",\"valueRequired\":true,\"valueName\":\"search_term_string\"}}],\"inLanguage\":\"de\"},{\"@type\":\"Organization\",\"@id\":\"https:\/\/schwarzmueller.com\/en\/#organization\",\"name\":\"Schwarzm\u00fcller\",\"url\":\"https:\/\/schwarzmueller.com\/en\/\",\"logo\":{\"@type\":\"ImageObject\",\"inLanguage\":\"de\",\"@id\":\"https:\/\/schwarzmueller.com\/en\/#\/schema\/logo\/image\/\",\"url\":\"https:\/\/schwarzmueller.com\/wp-content\/uploads\/2024\/05\/sm_icon_logo.svg\",\"contentUrl\":\"https:\/\/schwarzmueller.com\/wp-content\/uploads\/2024\/05\/sm_icon_logo.svg\",\"width\":1,\"height\":1,\"caption\":\"Schwarzm\u00fcller\"},\"image\":{\"@id\":\"https:\/\/schwarzmueller.com\/en\/#\/schema\/logo\/image\/\"}},{\"@type\":\"Person\",\"@id\":\"https:\/\/schwarzmueller.com\/en\/#\/schema\/person\/1b3f17db980ba882a67bf06e04f3e9f9\",\"name\":\"hamed jenabi\",\"url\":\"https:\/\/schwarzmueller.com\/de\/author\/hamed\/\"}]}<\/script>\n<!-- \/ Yoast SEO Premium plugin. -->","yoast_head_json":{"title":"Mietfahrzeuge werden neuerlich aufgestockt - Schwarzm\u00fcller","robots":{"index":"index","follow":"follow","max-snippet":"max-snippet:-1","max-image-preview":"max-image-preview:large","max-video-preview":"max-video-preview:-1"},"canonical":"https:\/\/schwarzmueller.com\/de\/mietfahrzeuge-werden-neuerlich-aufgestockt\/","og_locale":"de_DE","og_type":"article","og_title":"Mietfahrzeuge werden neuerlich aufgestockt","og_description":"Deutschland: neuer Fokus nach \u00dcbernahme von H\u00fcffermann Nischenstrategie auch bei Mietfahrzeugen Mietkunden als \u201eTestmarkt\u201c f\u00fcr Innovationen","og_url":"https:\/\/schwarzmueller.com\/de\/mietfahrzeuge-werden-neuerlich-aufgestockt\/","og_site_name":"Schwarzm\u00fcller","article_published_time":"2020-04-08T06:44:04+00:00","article_modified_time":"2024-07-23T14:30:46+00:00","og_image":[{"width":768,"height":523,"url":"https:\/\/schwarzmueller.com\/wp-content\/uploads\/2024\/03\/csm_3achs_vollalu_segmentmulden-kippsattel_red_d0626a7c55.jpg","type":"image\/jpeg"}],"author":"hamed jenabi","twitter_card":"summary_large_image","twitter_misc":{"Verfasst von":"hamed jenabi","Gesch\u00e4tzte Lesezeit":"4\u00a0Minuten"},"schema":{"@context":"https:\/\/schema.org","@graph":[{"@type":"Article","@id":"https:\/\/schwarzmueller.com\/de\/mietfahrzeuge-werden-neuerlich-aufgestockt\/#article","isPartOf":{"@id":"https:\/\/schwarzmueller.com\/de\/mietfahrzeuge-werden-neuerlich-aufgestockt\/"},"author":{"name":"hamed jenabi","@id":"https:\/\/schwarzmueller.com\/en\/#\/schema\/person\/1b3f17db980ba882a67bf06e04f3e9f9"},"headline":"Mietfahrzeuge werden neuerlich aufgestockt","datePublished":"2020-04-08T06:44:04+00:00","dateModified":"2024-07-23T14:30:46+00:00","mainEntityOfPage":{"@id":"https:\/\/schwarzmueller.com\/de\/mietfahrzeuge-werden-neuerlich-aufgestockt\/"},"wordCount":667,"publisher":{"@id":"https:\/\/schwarzmueller.com\/en\/#organization"},"image":{"@id":"https:\/\/schwarzmueller.com\/de\/mietfahrzeuge-werden-neuerlich-aufgestockt\/#primaryimage"},"thumbnailUrl":"https:\/\/schwarzmueller.com\/wp-content\/uploads\/2024\/03\/csm_3achs_vollalu_segmentmulden-kippsattel_red_d0626a7c55.jpg","articleSection":["beitrag"],"inLanguage":"de"},{"@type":"WebPage","@id":"https:\/\/schwarzmueller.com\/de\/mietfahrzeuge-werden-neuerlich-aufgestockt\/","url":"https:\/\/schwarzmueller.com\/de\/mietfahrzeuge-werden-neuerlich-aufgestockt\/","name":"Mietfahrzeuge werden neuerlich aufgestockt - Schwarzm\u00fcller","isPartOf":{"@id":"https:\/\/schwarzmueller.com\/en\/#website"},"primaryImageOfPage":{"@id":"https:\/\/schwarzmueller.com\/de\/mietfahrzeuge-werden-neuerlich-aufgestockt\/#primaryimage"},"image":{"@id":"https:\/\/schwarzmueller.com\/de\/mietfahrzeuge-werden-neuerlich-aufgestockt\/#primaryimage"},"thumbnailUrl":"https:\/\/schwarzmueller.com\/wp-content\/uploads\/2024\/03\/csm_3achs_vollalu_segmentmulden-kippsattel_red_d0626a7c55.jpg","datePublished":"2020-04-08T06:44:04+00:00","dateModified":"2024-07-23T14:30:46+00:00","breadcrumb":{"@id":"https:\/\/schwarzmueller.com\/de\/mietfahrzeuge-werden-neuerlich-aufgestockt\/#breadcrumb"},"inLanguage":"de","potentialAction":[{"@type":"ReadAction","target":["https:\/\/schwarzmueller.com\/de\/mietfahrzeuge-werden-neuerlich-aufgestockt\/"]}]},{"@type":"ImageObject","inLanguage":"de","@id":"https:\/\/schwarzmueller.com\/de\/mietfahrzeuge-werden-neuerlich-aufgestockt\/#primaryimage","url":"https:\/\/schwarzmueller.com\/wp-content\/uploads\/2024\/03\/csm_3achs_vollalu_segmentmulden-kippsattel_red_d0626a7c55.jpg","contentUrl":"https:\/\/schwarzmueller.com\/wp-content\/uploads\/2024\/03\/csm_3achs_vollalu_segmentmulden-kippsattel_red_d0626a7c55.jpg","width":768,"height":523,"caption":"Schwarzm\u00fcller baut seine Mietflotte weiter aus. Zur Verf\u00fcgung stehen dabei auch zahlreiche Spezialfahrzeuge."},{"@type":"BreadcrumbList","@id":"https:\/\/schwarzmueller.com\/de\/mietfahrzeuge-werden-neuerlich-aufgestockt\/#breadcrumb","itemListElement":[{"@type":"ListItem","position":1,"name":"Home","item":"https:\/\/schwarzmueller.com\/de\/home\/"},{"@type":"ListItem","position":2,"name":"Mietfahrzeuge werden neuerlich aufgestockt"}]},{"@type":"WebSite","@id":"https:\/\/schwarzmueller.com\/en\/#website","url":"https:\/\/schwarzmueller.com\/en\/","name":"Schwarzm\u00fcller | Intelligente Fahrzeuge","description":"Ganz auf exzellente Fahrzeugtechnik gebaut","publisher":{"@id":"https:\/\/schwarzmueller.com\/en\/#organization"},"alternateName":"Schwarzm\u00fcller","potentialAction":[{"@type":"SearchAction","target":{"@type":"EntryPoint","urlTemplate":"https:\/\/schwarzmueller.com\/en\/?s={search_term_string}"},"query-input":{"@type":"PropertyValueSpecification","valueRequired":true,"valueName":"search_term_string"}}],"inLanguage":"de"},{"@type":"Organization","@id":"https:\/\/schwarzmueller.com\/en\/#organization","name":"Schwarzm\u00fcller","url":"https:\/\/schwarzmueller.com\/en\/","logo":{"@type":"ImageObject","inLanguage":"de","@id":"https:\/\/schwarzmueller.com\/en\/#\/schema\/logo\/image\/","url":"https:\/\/schwarzmueller.com\/wp-content\/uploads\/2024\/05\/sm_icon_logo.svg","contentUrl":"https:\/\/schwarzmueller.com\/wp-content\/uploads\/2024\/05\/sm_icon_logo.svg","width":1,"height":1,"caption":"Schwarzm\u00fcller"},"image":{"@id":"https:\/\/schwarzmueller.com\/en\/#\/schema\/logo\/image\/"}},{"@type":"Person","@id":"https:\/\/schwarzmueller.com\/en\/#\/schema\/person\/1b3f17db980ba882a67bf06e04f3e9f9","name":"hamed jenabi","url":"https:\/\/schwarzmueller.com\/de\/author\/hamed\/"}]}},"_links":{"self":[{"href":"https:\/\/schwarzmueller.com\/de\/wp-json\/wp\/v2\/posts\/51073","targetHints":{"allow":["GET"]}}],"collection":[{"href":"https:\/\/schwarzmueller.com\/de\/wp-json\/wp\/v2\/posts"}],"about":[{"href":"https:\/\/schwarzmueller.com\/de\/wp-json\/wp\/v2\/types\/post"}],"author":[{"embeddable":true,"href":"https:\/\/schwarzmueller.com\/de\/wp-json\/wp\/v2\/users\/5"}],"replies":[{"embeddable":true,"href":"https:\/\/schwarzmueller.com\/de\/wp-json\/wp\/v2\/comments?post=51073"}],"version-history":[{"count":1,"href":"https:\/\/schwarzmueller.com\/de\/wp-json\/wp\/v2\/posts\/51073\/revisions"}],"predecessor-version":[{"id":67029,"href":"https:\/\/schwarzmueller.com\/de\/wp-json\/wp\/v2\/posts\/51073\/revisions\/67029"}],"wp:featuredmedia":[{"embeddable":true,"href":"https:\/\/schwarzmueller.com\/de\/wp-json\/wp\/v2\/media\/35059"}],"wp:attachment":[{"href":"https:\/\/schwarzmueller.com\/de\/wp-json\/wp\/v2\/media?parent=51073"}],"wp:term":[{"taxonomy":"category","embeddable":true,"href":"https:\/\/schwarzmueller.com\/de\/wp-json\/wp\/v2\/categories?post=51073"},{"taxonomy":"post_tag","embeddable":true,"href":"https:\/\/schwarzmueller.com\/de\/wp-json\/wp\/v2\/tags?post=51073"}],"curies":[{"name":"wp","href":"https:\/\/api.w.org\/{rel}","templated":true}]}}