{"id":51049,"date":"2019-04-30T11:03:53","date_gmt":"2019-04-30T09:03:53","guid":{"rendered":"https:\/\/schwarzmueller.com\/amtliche-eichung-in-der-werkstatt\/"},"modified":"2024-07-23T17:14:59","modified_gmt":"2024-07-23T15:14:59","slug":"amtliche-eichung-in-der-werkstatt","status":"publish","type":"post","link":"https:\/\/schwarzmueller.com\/de\/amtliche-eichung-in-der-werkstatt\/","title":{"rendered":"Amtliche Eichung in der Werkstatt!"},"content":{"rendered":"\n<p>An rund 1.000 Messanlagen j\u00e4hrlich nimmt die Schwarzm\u00fcller Gruppe die amtlich vorgeschriebene Eichung von Tankfahrzeugen vor. Die Fahrzeuge k\u00f6nnen an den unternehmenseigenen Servicestandorten \u00fcberpr\u00fcft werden, denn \u00d6sterreichs Premiumhersteller von gezogenen Nutzfahrzeugen besitzt eine amtliche Erm\u00e4chtigung als Eichstelle. Diese Dienstleistung wird an sechs Standorten in \u00d6sterreich und zus\u00e4tzlich auch in Tschechien und Ungarn angeboten.<\/p>\n\n\n\n<p>Seit dem vergangenen Jahr gibt es im Hauptwerk der Gruppe in Freinberg, wo die Tankfahrzeuge hergestellt werden, einen zweiten Pr\u00fcfraum in der hauseigenen Eichstelle, um die Abwicklung weiter zu beschleunigen. \u201eUnsere Kunden haben den Vorteil, dass sie die Eichung mit anderen Wartungs- und Reparaturarbeiten durchf\u00fchren lassen k\u00f6nnen. Die Fahrzeuge m\u00fcssen nicht zu einem eigenen Termin vorgef\u00fchrt werden\u201c, erl\u00e4utert CEO Roland Hartwig. An den Standorten Freinberg, Wels, Wien, Lieboch, Kramsach und M\u00e4der k\u00f6nnen Messanlagen f\u00fcr Mineral\u00f6le und Peilstabfahrzeuge geeicht werden. Zus\u00e4tzlich bietet der Standort Wels die M\u00f6glichkeit, Eichungen an Tankwagen f\u00fcr AdBlue, Schmier\u00f6le und verfl\u00fcssigte Gase per Massebestimmungen mittels einer geeichten Waage durchzuf\u00fchren. Die Eichstellen in Tschechien und Ungarn werden nach den jeweiligen nationalen Vorschriften gef\u00fchrt.<\/p>\n\n\n\n<p><strong>Premiumfahrzeuge mit langer Lebensdauer<\/strong><\/p>\n\n\n\n<p>F\u00fcr die Schwarzm\u00fcller Gruppe ist die amtliche Eichung ein Service der Kundenn\u00e4he, die das Unternehmen f\u00fcr den gesamten Lebenszyklus seiner Tankfahrzeuge anbietet. Dazu z\u00e4hlen s\u00e4mtliche Wartungs- und Reparaturarbeiten einschlie\u00dflich einer sicheren und schnellen Versorgung mit Ersatzteilen. \u201eSo fungieren unsere Servicestandorte als One-Stop-Shop, an dem alle Dienstleistungen rund um das Fahrzeug auf einmal erledigt werden k\u00f6nnen.\u201c<\/p>\n\n\n\n<p>Bereits seit Jahrzehnten z\u00e4hlen Tankfahrzeuge zur Palette von Premiumfahrzeugen der Schwarzm\u00fcller Gruppe. Sie k\u00f6nnen in verschiedenen Materialkombinationen hergestellt werden und sind nach Kriterien des Leichtbaues \u2013 einer der Kernkompetenzen des Unternehmens \u2013 optimiert. Man wende konsequent die Doppelkeil-Konstruktion an, erl\u00e4utert CEO Hartwig: \u201eDiese bietet echte Vorteile im Handling, wie die schnelle, sichere und restlose Entleerung.\u201c Zu den herausragenden Eigenschaften dieser Tankfahrzeuge z\u00e4hlen weiters die umfangreiche Ausstattung mit elektronischen Systemen, wie beispielsweise Sensoren zur Diebstahlsicherung und anderen technischen Raffinessen zur Gew\u00e4hrleistung eines sicheren Betriebes. Die Schwarzm\u00fcller Tanks zeichnen sich durch lange Einsatzzeiten und eine ebensolche Lebensdauer aus.<\/p>\n\n\n\n<p><em>F\u00fcr weitere Informationen: <\/em><\/p>\n\n\n\n<p>Mag. Michael Prock, Prock und Prock Marktkommunikation GmbH, Pressesprecher<br>Rochusgasse 4, 5020 Salzburg, \u00d6sterreich<br>E-Mail: <a href=\"mailto:mp@prock-prock.at\">mp@prock-prock.at, <\/a>Tel.: +43.662.821155.0<br>___________________________________________________________________<\/p>\n\n\n\n<p>Die Schwarzmu\u0308ller Gruppe ist einer der gr\u00f6\u00dften europ\u00e4ischen Komplettanbieter fu\u0308r gezogene Nutzfahrzeuge. Sie betreibt drei Produktionswerke in \u00d6sterreich (Freinberg\/Hanzing), Tschechien (\u017debr\u00e1k) sowie in Ungarn (Dunaharaszti bei Budapest) und ist in 21 L\u00e4ndern u\u0308berwiegend in Zentral-, Su\u0308dost- und Osteuropa pr\u00e4sent. Das Unternehmen setzt durch seine Premiumausrichtung die Benchmarks der Branche und ist aufgrund seiner mehr als 140-j\u00e4hrigen Kompetenz der Spezialist fu\u0308r individuelle Transportl\u00f6sungen in anspruchsvollen Branchen. Dazu z\u00e4hlen neben der Bau- die Mineral\u00f6lwirtschaft, die Rohstoff- und Wertstoffindustrie sowie der Fernverkehr. Im Jahr 2018 erzeugte die Schwarzm\u00fcller Gruppe 9.306 Nutzfahrzeuge, besch\u00e4ftigte 2.290 Mitarbeiter und erwirtschaftete 376 Millionen Euro.<\/p>\n","protected":false},"excerpt":{"rendered":"<p>360-Grad-Service vom Hersteller: Tankeichungen finden bei Schwarzm\u00fcller an sechs Standorten statt.<\/p>\n","protected":false},"author":5,"featured_media":40494,"comment_status":"closed","ping_status":"open","sticky":false,"template":"","format":"standard","meta":{"_acf_changed":false,"_relevanssi_hide_post":"","_relevanssi_hide_content":"","_relevanssi_pin_for_all":"","_relevanssi_pin_keywords":"","_relevanssi_unpin_keywords":"","_relevanssi_related_keywords":"","_relevanssi_related_include_ids":"","_relevanssi_related_exclude_ids":"","_relevanssi_related_no_append":"","_relevanssi_related_not_related":"","_relevanssi_related_posts":"51118,51151,51152,51142,51045,51136","_relevanssi_noindex_reason":"","footnotes":""},"categories":[1],"tags":[],"class_list":["post-51049","post","type-post","status-publish","format-standard","has-post-thumbnail","hentry","category-beitrag"],"acf":[],"yoast_head":"<!-- This site is optimized with the Yoast SEO Premium plugin v26.4 (Yoast SEO v27.2) - https:\/\/yoast.com\/product\/yoast-seo-premium-wordpress\/ -->\n<title>Amtliche Eichung in der Werkstatt! - Schwarzm\u00fcller<\/title>\n<meta name=\"robots\" content=\"index, follow, max-snippet:-1, max-image-preview:large, max-video-preview:-1\" \/>\n<link rel=\"canonical\" href=\"https:\/\/schwarzmueller.com\/de\/amtliche-eichung-in-der-werkstatt\/\" \/>\n<meta property=\"og:locale\" content=\"de_DE\" \/>\n<meta property=\"og:type\" content=\"article\" \/>\n<meta property=\"og:title\" content=\"Amtliche Eichung in der Werkstatt!\" \/>\n<meta property=\"og:description\" content=\"360-Grad-Service vom Hersteller: Tankeichungen finden bei Schwarzm\u00fcller an sechs Standorten statt.\" \/>\n<meta property=\"og:url\" content=\"https:\/\/schwarzmueller.com\/de\/amtliche-eichung-in-der-werkstatt\/\" \/>\n<meta property=\"og:site_name\" content=\"Schwarzm\u00fcller\" \/>\n<meta property=\"article:published_time\" content=\"2019-04-30T09:03:53+00:00\" \/>\n<meta property=\"article:modified_time\" content=\"2024-07-23T15:14:59+00:00\" \/>\n<meta property=\"og:image\" content=\"https:\/\/schwarzmueller.com\/wp-content\/uploads\/2024\/04\/csm_tankservice-2019_6b35b2a373.jpg\" \/>\n\t<meta property=\"og:image:width\" content=\"768\" \/>\n\t<meta property=\"og:image:height\" content=\"513\" \/>\n\t<meta property=\"og:image:type\" content=\"image\/jpeg\" \/>\n<meta name=\"author\" content=\"hamed jenabi\" \/>\n<meta name=\"twitter:card\" content=\"summary_large_image\" \/>\n<meta name=\"twitter:label1\" content=\"Verfasst von\" \/>\n\t<meta name=\"twitter:data1\" content=\"hamed jenabi\" \/>\n\t<meta name=\"twitter:label2\" content=\"Gesch\u00e4tzte Lesezeit\" \/>\n\t<meta name=\"twitter:data2\" content=\"3\u00a0Minuten\" \/>\n<script type=\"application\/ld+json\" class=\"yoast-schema-graph\">{\"@context\":\"https:\/\/schema.org\",\"@graph\":[{\"@type\":\"Article\",\"@id\":\"https:\/\/schwarzmueller.com\/de\/amtliche-eichung-in-der-werkstatt\/#article\",\"isPartOf\":{\"@id\":\"https:\/\/schwarzmueller.com\/de\/amtliche-eichung-in-der-werkstatt\/\"},\"author\":{\"name\":\"hamed jenabi\",\"@id\":\"https:\/\/schwarzmueller.com\/en\/#\/schema\/person\/1b3f17db980ba882a67bf06e04f3e9f9\"},\"headline\":\"Amtliche Eichung in der Werkstatt!\",\"datePublished\":\"2019-04-30T09:03:53+00:00\",\"dateModified\":\"2024-07-23T15:14:59+00:00\",\"mainEntityOfPage\":{\"@id\":\"https:\/\/schwarzmueller.com\/de\/amtliche-eichung-in-der-werkstatt\/\"},\"wordCount\":490,\"publisher\":{\"@id\":\"https:\/\/schwarzmueller.com\/en\/#organization\"},\"image\":{\"@id\":\"https:\/\/schwarzmueller.com\/de\/amtliche-eichung-in-der-werkstatt\/#primaryimage\"},\"thumbnailUrl\":\"https:\/\/schwarzmueller.com\/wp-content\/uploads\/2024\/04\/csm_tankservice-2019_6b35b2a373.jpg\",\"articleSection\":[\"beitrag\"],\"inLanguage\":\"de\"},{\"@type\":\"WebPage\",\"@id\":\"https:\/\/schwarzmueller.com\/de\/amtliche-eichung-in-der-werkstatt\/\",\"url\":\"https:\/\/schwarzmueller.com\/de\/amtliche-eichung-in-der-werkstatt\/\",\"name\":\"Amtliche Eichung in der Werkstatt! - Schwarzm\u00fcller\",\"isPartOf\":{\"@id\":\"https:\/\/schwarzmueller.com\/en\/#website\"},\"primaryImageOfPage\":{\"@id\":\"https:\/\/schwarzmueller.com\/de\/amtliche-eichung-in-der-werkstatt\/#primaryimage\"},\"image\":{\"@id\":\"https:\/\/schwarzmueller.com\/de\/amtliche-eichung-in-der-werkstatt\/#primaryimage\"},\"thumbnailUrl\":\"https:\/\/schwarzmueller.com\/wp-content\/uploads\/2024\/04\/csm_tankservice-2019_6b35b2a373.jpg\",\"datePublished\":\"2019-04-30T09:03:53+00:00\",\"dateModified\":\"2024-07-23T15:14:59+00:00\",\"breadcrumb\":{\"@id\":\"https:\/\/schwarzmueller.com\/de\/amtliche-eichung-in-der-werkstatt\/#breadcrumb\"},\"inLanguage\":\"de\",\"potentialAction\":[{\"@type\":\"ReadAction\",\"target\":[\"https:\/\/schwarzmueller.com\/de\/amtliche-eichung-in-der-werkstatt\/\"]}]},{\"@type\":\"ImageObject\",\"inLanguage\":\"de\",\"@id\":\"https:\/\/schwarzmueller.com\/de\/amtliche-eichung-in-der-werkstatt\/#primaryimage\",\"url\":\"https:\/\/schwarzmueller.com\/wp-content\/uploads\/2024\/04\/csm_tankservice-2019_6b35b2a373.jpg\",\"contentUrl\":\"https:\/\/schwarzmueller.com\/wp-content\/uploads\/2024\/04\/csm_tankservice-2019_6b35b2a373.jpg\",\"width\":768,\"height\":513,\"caption\":\"360-Grad-Service vom Hersteller: Tankeichungen finden bei Schwarzm\u00fcller an sechs Standorten statt.\"},{\"@type\":\"BreadcrumbList\",\"@id\":\"https:\/\/schwarzmueller.com\/de\/amtliche-eichung-in-der-werkstatt\/#breadcrumb\",\"itemListElement\":[{\"@type\":\"ListItem\",\"position\":1,\"name\":\"Home\",\"item\":\"https:\/\/schwarzmueller.com\/de\/home\/\"},{\"@type\":\"ListItem\",\"position\":2,\"name\":\"Amtliche Eichung in der Werkstatt!\"}]},{\"@type\":\"WebSite\",\"@id\":\"https:\/\/schwarzmueller.com\/en\/#website\",\"url\":\"https:\/\/schwarzmueller.com\/en\/\",\"name\":\"Schwarzm\u00fcller | Intelligente Fahrzeuge\",\"description\":\"Ganz auf exzellente Fahrzeugtechnik gebaut\",\"publisher\":{\"@id\":\"https:\/\/schwarzmueller.com\/en\/#organization\"},\"alternateName\":\"Schwarzm\u00fcller\",\"potentialAction\":[{\"@type\":\"SearchAction\",\"target\":{\"@type\":\"EntryPoint\",\"urlTemplate\":\"https:\/\/schwarzmueller.com\/en\/?s={search_term_string}\"},\"query-input\":{\"@type\":\"PropertyValueSpecification\",\"valueRequired\":true,\"valueName\":\"search_term_string\"}}],\"inLanguage\":\"de\"},{\"@type\":\"Organization\",\"@id\":\"https:\/\/schwarzmueller.com\/en\/#organization\",\"name\":\"Schwarzm\u00fcller\",\"url\":\"https:\/\/schwarzmueller.com\/en\/\",\"logo\":{\"@type\":\"ImageObject\",\"inLanguage\":\"de\",\"@id\":\"https:\/\/schwarzmueller.com\/en\/#\/schema\/logo\/image\/\",\"url\":\"https:\/\/schwarzmueller.com\/wp-content\/uploads\/2024\/05\/sm_icon_logo.svg\",\"contentUrl\":\"https:\/\/schwarzmueller.com\/wp-content\/uploads\/2024\/05\/sm_icon_logo.svg\",\"width\":1,\"height\":1,\"caption\":\"Schwarzm\u00fcller\"},\"image\":{\"@id\":\"https:\/\/schwarzmueller.com\/en\/#\/schema\/logo\/image\/\"}},{\"@type\":\"Person\",\"@id\":\"https:\/\/schwarzmueller.com\/en\/#\/schema\/person\/1b3f17db980ba882a67bf06e04f3e9f9\",\"name\":\"hamed jenabi\",\"url\":\"https:\/\/schwarzmueller.com\/de\/author\/hamed\/\"}]}<\/script>\n<!-- \/ Yoast SEO Premium plugin. -->","yoast_head_json":{"title":"Amtliche Eichung in der Werkstatt! - Schwarzm\u00fcller","robots":{"index":"index","follow":"follow","max-snippet":"max-snippet:-1","max-image-preview":"max-image-preview:large","max-video-preview":"max-video-preview:-1"},"canonical":"https:\/\/schwarzmueller.com\/de\/amtliche-eichung-in-der-werkstatt\/","og_locale":"de_DE","og_type":"article","og_title":"Amtliche Eichung in der Werkstatt!","og_description":"360-Grad-Service vom Hersteller: Tankeichungen finden bei Schwarzm\u00fcller an sechs Standorten statt.","og_url":"https:\/\/schwarzmueller.com\/de\/amtliche-eichung-in-der-werkstatt\/","og_site_name":"Schwarzm\u00fcller","article_published_time":"2019-04-30T09:03:53+00:00","article_modified_time":"2024-07-23T15:14:59+00:00","og_image":[{"width":768,"height":513,"url":"https:\/\/schwarzmueller.com\/wp-content\/uploads\/2024\/04\/csm_tankservice-2019_6b35b2a373.jpg","type":"image\/jpeg"}],"author":"hamed jenabi","twitter_card":"summary_large_image","twitter_misc":{"Verfasst von":"hamed jenabi","Gesch\u00e4tzte Lesezeit":"3\u00a0Minuten"},"schema":{"@context":"https:\/\/schema.org","@graph":[{"@type":"Article","@id":"https:\/\/schwarzmueller.com\/de\/amtliche-eichung-in-der-werkstatt\/#article","isPartOf":{"@id":"https:\/\/schwarzmueller.com\/de\/amtliche-eichung-in-der-werkstatt\/"},"author":{"name":"hamed jenabi","@id":"https:\/\/schwarzmueller.com\/en\/#\/schema\/person\/1b3f17db980ba882a67bf06e04f3e9f9"},"headline":"Amtliche Eichung in der Werkstatt!","datePublished":"2019-04-30T09:03:53+00:00","dateModified":"2024-07-23T15:14:59+00:00","mainEntityOfPage":{"@id":"https:\/\/schwarzmueller.com\/de\/amtliche-eichung-in-der-werkstatt\/"},"wordCount":490,"publisher":{"@id":"https:\/\/schwarzmueller.com\/en\/#organization"},"image":{"@id":"https:\/\/schwarzmueller.com\/de\/amtliche-eichung-in-der-werkstatt\/#primaryimage"},"thumbnailUrl":"https:\/\/schwarzmueller.com\/wp-content\/uploads\/2024\/04\/csm_tankservice-2019_6b35b2a373.jpg","articleSection":["beitrag"],"inLanguage":"de"},{"@type":"WebPage","@id":"https:\/\/schwarzmueller.com\/de\/amtliche-eichung-in-der-werkstatt\/","url":"https:\/\/schwarzmueller.com\/de\/amtliche-eichung-in-der-werkstatt\/","name":"Amtliche Eichung in der Werkstatt! - Schwarzm\u00fcller","isPartOf":{"@id":"https:\/\/schwarzmueller.com\/en\/#website"},"primaryImageOfPage":{"@id":"https:\/\/schwarzmueller.com\/de\/amtliche-eichung-in-der-werkstatt\/#primaryimage"},"image":{"@id":"https:\/\/schwarzmueller.com\/de\/amtliche-eichung-in-der-werkstatt\/#primaryimage"},"thumbnailUrl":"https:\/\/schwarzmueller.com\/wp-content\/uploads\/2024\/04\/csm_tankservice-2019_6b35b2a373.jpg","datePublished":"2019-04-30T09:03:53+00:00","dateModified":"2024-07-23T15:14:59+00:00","breadcrumb":{"@id":"https:\/\/schwarzmueller.com\/de\/amtliche-eichung-in-der-werkstatt\/#breadcrumb"},"inLanguage":"de","potentialAction":[{"@type":"ReadAction","target":["https:\/\/schwarzmueller.com\/de\/amtliche-eichung-in-der-werkstatt\/"]}]},{"@type":"ImageObject","inLanguage":"de","@id":"https:\/\/schwarzmueller.com\/de\/amtliche-eichung-in-der-werkstatt\/#primaryimage","url":"https:\/\/schwarzmueller.com\/wp-content\/uploads\/2024\/04\/csm_tankservice-2019_6b35b2a373.jpg","contentUrl":"https:\/\/schwarzmueller.com\/wp-content\/uploads\/2024\/04\/csm_tankservice-2019_6b35b2a373.jpg","width":768,"height":513,"caption":"360-Grad-Service vom Hersteller: Tankeichungen finden bei Schwarzm\u00fcller an sechs Standorten statt."},{"@type":"BreadcrumbList","@id":"https:\/\/schwarzmueller.com\/de\/amtliche-eichung-in-der-werkstatt\/#breadcrumb","itemListElement":[{"@type":"ListItem","position":1,"name":"Home","item":"https:\/\/schwarzmueller.com\/de\/home\/"},{"@type":"ListItem","position":2,"name":"Amtliche Eichung in der Werkstatt!"}]},{"@type":"WebSite","@id":"https:\/\/schwarzmueller.com\/en\/#website","url":"https:\/\/schwarzmueller.com\/en\/","name":"Schwarzm\u00fcller | Intelligente Fahrzeuge","description":"Ganz auf exzellente Fahrzeugtechnik gebaut","publisher":{"@id":"https:\/\/schwarzmueller.com\/en\/#organization"},"alternateName":"Schwarzm\u00fcller","potentialAction":[{"@type":"SearchAction","target":{"@type":"EntryPoint","urlTemplate":"https:\/\/schwarzmueller.com\/en\/?s={search_term_string}"},"query-input":{"@type":"PropertyValueSpecification","valueRequired":true,"valueName":"search_term_string"}}],"inLanguage":"de"},{"@type":"Organization","@id":"https:\/\/schwarzmueller.com\/en\/#organization","name":"Schwarzm\u00fcller","url":"https:\/\/schwarzmueller.com\/en\/","logo":{"@type":"ImageObject","inLanguage":"de","@id":"https:\/\/schwarzmueller.com\/en\/#\/schema\/logo\/image\/","url":"https:\/\/schwarzmueller.com\/wp-content\/uploads\/2024\/05\/sm_icon_logo.svg","contentUrl":"https:\/\/schwarzmueller.com\/wp-content\/uploads\/2024\/05\/sm_icon_logo.svg","width":1,"height":1,"caption":"Schwarzm\u00fcller"},"image":{"@id":"https:\/\/schwarzmueller.com\/en\/#\/schema\/logo\/image\/"}},{"@type":"Person","@id":"https:\/\/schwarzmueller.com\/en\/#\/schema\/person\/1b3f17db980ba882a67bf06e04f3e9f9","name":"hamed jenabi","url":"https:\/\/schwarzmueller.com\/de\/author\/hamed\/"}]}},"_links":{"self":[{"href":"https:\/\/schwarzmueller.com\/de\/wp-json\/wp\/v2\/posts\/51049","targetHints":{"allow":["GET"]}}],"collection":[{"href":"https:\/\/schwarzmueller.com\/de\/wp-json\/wp\/v2\/posts"}],"about":[{"href":"https:\/\/schwarzmueller.com\/de\/wp-json\/wp\/v2\/types\/post"}],"author":[{"embeddable":true,"href":"https:\/\/schwarzmueller.com\/de\/wp-json\/wp\/v2\/users\/5"}],"replies":[{"embeddable":true,"href":"https:\/\/schwarzmueller.com\/de\/wp-json\/wp\/v2\/comments?post=51049"}],"version-history":[{"count":1,"href":"https:\/\/schwarzmueller.com\/de\/wp-json\/wp\/v2\/posts\/51049\/revisions"}],"predecessor-version":[{"id":67425,"href":"https:\/\/schwarzmueller.com\/de\/wp-json\/wp\/v2\/posts\/51049\/revisions\/67425"}],"wp:featuredmedia":[{"embeddable":true,"href":"https:\/\/schwarzmueller.com\/de\/wp-json\/wp\/v2\/media\/40494"}],"wp:attachment":[{"href":"https:\/\/schwarzmueller.com\/de\/wp-json\/wp\/v2\/media?parent=51049"}],"wp:term":[{"taxonomy":"category","embeddable":true,"href":"https:\/\/schwarzmueller.com\/de\/wp-json\/wp\/v2\/categories?post=51049"},{"taxonomy":"post_tag","embeddable":true,"href":"https:\/\/schwarzmueller.com\/de\/wp-json\/wp\/v2\/tags?post=51049"}],"curies":[{"name":"wp","href":"https:\/\/api.w.org\/{rel}","templated":true}]}}