{"id":51047,"date":"2019-04-29T07:10:45","date_gmt":"2019-04-29T05:10:45","guid":{"rendered":"https:\/\/schwarzmueller.com\/oberoesterreichischer-wirtschaftslandesrat-zu-besuch-bei-schwarzmueller\/"},"modified":"2025-12-01T14:24:26","modified_gmt":"2025-12-01T13:24:26","slug":"oberoesterreichischer-wirtschaftslandesrat-zu-besuch-bei-schwarzmueller","status":"publish","type":"post","link":"https:\/\/schwarzmueller.com\/de\/oberoesterreichischer-wirtschaftslandesrat-zu-besuch-bei-schwarzmueller\/","title":{"rendered":"Ober\u00f6sterreichischer Wirtschaftslandesrat zu Besuch bei Schwarzm\u00fcller"},"content":{"rendered":"\n<p>Die Schwarzmu\u0308ller Gruppe ist mit mehr als 800 Arbeitspl\u00e4tzen am Hauptsitz in Freinberg einer der drei gr\u00f6\u00dften Arbeitgeber im Bezirk Sch\u00e4rding. Der Wirtschaftslandesrat f\u00fcr Ober\u00f6sterreich Markus Achleitner stattete dem \u00f6sterreichischen Marktf\u00fchrer f\u00fcr gezogene Nutzfahrzeuge Ende M\u00e4rz einen Besuch ab. Neben einem \u00dcberblick \u00fcber die aktuellen Entwicklungen des Unternehmens f\u00fchrte das Schwarzm\u00fcller Management durch das Werk und pr\u00e4sentierte die neue Flie\u00dfproduktion sowie die derzeit in Bau befindliche Lehrwerkst\u00e4tte. Wirtschafts-Landesrat Achleitner zeigte sich sehr beeindruckt von der hochmodernen Produktion und insbesondere auch vom Engagement des Unternehmens bei der Ausbildung von Lehrlingen. Neben Achleitner nahmen der Freinberger B\u00fcrgermeister Anton R\u00fcdiger Pretzl und Gernot Bogner von der Industriellenvereinigung teil.<\/p>\n\n\n\n<p><em>R\u00fcckfragehinweis:<br>Gerd Bressnik<br>Leiter Marketing und Werbung<br>Wilhelm Schwarzm\u00fcller GmbH<br>4785 Freinberg, Hanzing 11, Austria<br>Tel. +43 7713 800-0<br><a href=\"mailto:gerd.bressnik@schwarzmueller.com\">gerd.bressnik@schwarzmueller.com<\/a><\/em><br><a href=\"https:\/\/www.schwarzmueller.com\">www.schwarzmueller.com<\/a><br>___________________________________________________________________<\/p>\n\n\n\n<p>Die Schwarzmu\u0308ller Gruppe ist einer der gr\u00f6\u00dften europ\u00e4ischen Komplettanbieter fu\u0308r gezogene Nutzfahrzeuge. Sie betreibt drei Produktionswerke in \u00d6sterreich (Freinberg\/Hanzing), Tschechien (\u017debr\u00e1k) sowie in Ungarn (Dunaharaszti bei Budapest) und ist in 21 L\u00e4ndern u\u0308berwiegend in Zentral-, Su\u0308dost- und Osteuropa pr\u00e4sent. Das Unternehmen setzt durch seine Premiumausrichtung die Benchmarks der Branche und ist aufgrund seiner mehr als 140-j\u00e4hrigen Kompetenz der Spezialist fu\u0308r individuelle Transportl\u00f6sungen in anspruchsvollen Branchen. Dazu z\u00e4hlen neben der Bau- die Mineral\u00f6lwirtschaft, die Rohstoff- und Wertstoffindustrie sowie der Fernverkehr. Im Jahr 2018 erzeugte die Schwarzm\u00fcller Gruppe 9.306 Nutzfahrzeuge, besch\u00e4ftigte 2.290 Mitarbeiter und erwirtschaftete 376 Millionen Euro.<\/p>\n","protected":false},"excerpt":{"rendered":"<p>Der Wirtschaftslandesrat Markus Achleitner stattete dem \u00f6sterreichischen Marktf\u00fchrer f\u00fcr gezogene Nutzfahrzeuge Ende M\u00e4rz einen Besuch ab.<\/p>\n","protected":false},"author":5,"featured_media":89775,"comment_status":"closed","ping_status":"open","sticky":false,"template":"","format":"standard","meta":{"_acf_changed":false,"_relevanssi_hide_post":"","_relevanssi_hide_content":"","_relevanssi_pin_for_all":"","_relevanssi_pin_keywords":"","_relevanssi_unpin_keywords":"","_relevanssi_related_keywords":"","_relevanssi_related_include_ids":"","_relevanssi_related_exclude_ids":"","_relevanssi_related_no_append":"","_relevanssi_related_not_related":"","_relevanssi_related_posts":"51118,51151,51152,51142,51045,51149","_relevanssi_noindex_reason":"","footnotes":""},"categories":[1],"tags":[],"class_list":["post-51047","post","type-post","status-publish","format-standard","has-post-thumbnail","hentry","category-beitrag"],"acf":[],"yoast_head":"<!-- This site is optimized with the Yoast SEO Premium plugin v26.4 (Yoast SEO v27.2) - https:\/\/yoast.com\/product\/yoast-seo-premium-wordpress\/ -->\n<title>Ober\u00f6sterreichischer Wirtschaftslandesrat zu Besuch bei Schwarzm\u00fcller - Schwarzm\u00fcller<\/title>\n<meta name=\"robots\" content=\"index, follow, max-snippet:-1, max-image-preview:large, max-video-preview:-1\" \/>\n<link rel=\"canonical\" href=\"https:\/\/schwarzmueller.com\/de\/oberoesterreichischer-wirtschaftslandesrat-zu-besuch-bei-schwarzmueller\/\" \/>\n<meta property=\"og:locale\" content=\"de_DE\" \/>\n<meta property=\"og:type\" content=\"article\" \/>\n<meta property=\"og:title\" content=\"Ober\u00f6sterreichischer Wirtschaftslandesrat zu Besuch bei Schwarzm\u00fcller\" \/>\n<meta property=\"og:description\" content=\"Der Wirtschaftslandesrat Markus Achleitner stattete dem \u00f6sterreichischen Marktf\u00fchrer f\u00fcr gezogene Nutzfahrzeuge Ende M\u00e4rz einen Besuch ab.\" \/>\n<meta property=\"og:url\" content=\"https:\/\/schwarzmueller.com\/de\/oberoesterreichischer-wirtschaftslandesrat-zu-besuch-bei-schwarzmueller\/\" \/>\n<meta property=\"og:site_name\" content=\"Schwarzm\u00fcller\" \/>\n<meta property=\"article:published_time\" content=\"2019-04-29T05:10:45+00:00\" \/>\n<meta property=\"article:modified_time\" content=\"2025-12-01T13:24:26+00:00\" \/>\n<meta property=\"og:image\" content=\"https:\/\/schwarzmueller.com\/wp-content\/uploads\/2019\/07\/schwarzmueller-aktuelles-img-allgemein-01.jpg\" \/>\n\t<meta property=\"og:image:width\" content=\"1920\" \/>\n\t<meta property=\"og:image:height\" content=\"1280\" \/>\n\t<meta property=\"og:image:type\" content=\"image\/jpeg\" \/>\n<meta name=\"author\" content=\"hamed jenabi\" \/>\n<meta name=\"twitter:card\" content=\"summary_large_image\" \/>\n<meta name=\"twitter:label1\" content=\"Verfasst von\" \/>\n\t<meta name=\"twitter:data1\" content=\"hamed jenabi\" \/>\n\t<meta name=\"twitter:label2\" content=\"Gesch\u00e4tzte Lesezeit\" \/>\n\t<meta name=\"twitter:data2\" content=\"2\u00a0Minuten\" \/>\n<script type=\"application\/ld+json\" class=\"yoast-schema-graph\">{\"@context\":\"https:\/\/schema.org\",\"@graph\":[{\"@type\":\"Article\",\"@id\":\"https:\/\/schwarzmueller.com\/de\/oberoesterreichischer-wirtschaftslandesrat-zu-besuch-bei-schwarzmueller\/#article\",\"isPartOf\":{\"@id\":\"https:\/\/schwarzmueller.com\/de\/oberoesterreichischer-wirtschaftslandesrat-zu-besuch-bei-schwarzmueller\/\"},\"author\":{\"name\":\"hamed jenabi\",\"@id\":\"https:\/\/schwarzmueller.com\/en\/#\/schema\/person\/1b3f17db980ba882a67bf06e04f3e9f9\"},\"headline\":\"Ober\u00f6sterreichischer Wirtschaftslandesrat zu Besuch bei Schwarzm\u00fcller\",\"datePublished\":\"2019-04-29T05:10:45+00:00\",\"dateModified\":\"2025-12-01T13:24:26+00:00\",\"mainEntityOfPage\":{\"@id\":\"https:\/\/schwarzmueller.com\/de\/oberoesterreichischer-wirtschaftslandesrat-zu-besuch-bei-schwarzmueller\/\"},\"wordCount\":257,\"publisher\":{\"@id\":\"https:\/\/schwarzmueller.com\/en\/#organization\"},\"image\":{\"@id\":\"https:\/\/schwarzmueller.com\/de\/oberoesterreichischer-wirtschaftslandesrat-zu-besuch-bei-schwarzmueller\/#primaryimage\"},\"thumbnailUrl\":\"https:\/\/schwarzmueller.com\/wp-content\/uploads\/2019\/07\/schwarzmueller-aktuelles-img-allgemein-01.jpg\",\"articleSection\":[\"beitrag\"],\"inLanguage\":\"de\"},{\"@type\":\"WebPage\",\"@id\":\"https:\/\/schwarzmueller.com\/de\/oberoesterreichischer-wirtschaftslandesrat-zu-besuch-bei-schwarzmueller\/\",\"url\":\"https:\/\/schwarzmueller.com\/de\/oberoesterreichischer-wirtschaftslandesrat-zu-besuch-bei-schwarzmueller\/\",\"name\":\"Ober\u00f6sterreichischer Wirtschaftslandesrat zu Besuch bei Schwarzm\u00fcller - Schwarzm\u00fcller\",\"isPartOf\":{\"@id\":\"https:\/\/schwarzmueller.com\/en\/#website\"},\"primaryImageOfPage\":{\"@id\":\"https:\/\/schwarzmueller.com\/de\/oberoesterreichischer-wirtschaftslandesrat-zu-besuch-bei-schwarzmueller\/#primaryimage\"},\"image\":{\"@id\":\"https:\/\/schwarzmueller.com\/de\/oberoesterreichischer-wirtschaftslandesrat-zu-besuch-bei-schwarzmueller\/#primaryimage\"},\"thumbnailUrl\":\"https:\/\/schwarzmueller.com\/wp-content\/uploads\/2019\/07\/schwarzmueller-aktuelles-img-allgemein-01.jpg\",\"datePublished\":\"2019-04-29T05:10:45+00:00\",\"dateModified\":\"2025-12-01T13:24:26+00:00\",\"breadcrumb\":{\"@id\":\"https:\/\/schwarzmueller.com\/de\/oberoesterreichischer-wirtschaftslandesrat-zu-besuch-bei-schwarzmueller\/#breadcrumb\"},\"inLanguage\":\"de\",\"potentialAction\":[{\"@type\":\"ReadAction\",\"target\":[\"https:\/\/schwarzmueller.com\/de\/oberoesterreichischer-wirtschaftslandesrat-zu-besuch-bei-schwarzmueller\/\"]}]},{\"@type\":\"ImageObject\",\"inLanguage\":\"de\",\"@id\":\"https:\/\/schwarzmueller.com\/de\/oberoesterreichischer-wirtschaftslandesrat-zu-besuch-bei-schwarzmueller\/#primaryimage\",\"url\":\"https:\/\/schwarzmueller.com\/wp-content\/uploads\/2019\/07\/schwarzmueller-aktuelles-img-allgemein-01.jpg\",\"contentUrl\":\"https:\/\/schwarzmueller.com\/wp-content\/uploads\/2019\/07\/schwarzmueller-aktuelles-img-allgemein-01.jpg\",\"width\":1920,\"height\":1280},{\"@type\":\"BreadcrumbList\",\"@id\":\"https:\/\/schwarzmueller.com\/de\/oberoesterreichischer-wirtschaftslandesrat-zu-besuch-bei-schwarzmueller\/#breadcrumb\",\"itemListElement\":[{\"@type\":\"ListItem\",\"position\":1,\"name\":\"Home\",\"item\":\"https:\/\/schwarzmueller.com\/de\/home\/\"},{\"@type\":\"ListItem\",\"position\":2,\"name\":\"Ober\u00f6sterreichischer Wirtschaftslandesrat zu Besuch bei Schwarzm\u00fcller\"}]},{\"@type\":\"WebSite\",\"@id\":\"https:\/\/schwarzmueller.com\/en\/#website\",\"url\":\"https:\/\/schwarzmueller.com\/en\/\",\"name\":\"Schwarzm\u00fcller | Intelligente Fahrzeuge\",\"description\":\"Ganz auf exzellente Fahrzeugtechnik gebaut\",\"publisher\":{\"@id\":\"https:\/\/schwarzmueller.com\/en\/#organization\"},\"alternateName\":\"Schwarzm\u00fcller\",\"potentialAction\":[{\"@type\":\"SearchAction\",\"target\":{\"@type\":\"EntryPoint\",\"urlTemplate\":\"https:\/\/schwarzmueller.com\/en\/?s={search_term_string}\"},\"query-input\":{\"@type\":\"PropertyValueSpecification\",\"valueRequired\":true,\"valueName\":\"search_term_string\"}}],\"inLanguage\":\"de\"},{\"@type\":\"Organization\",\"@id\":\"https:\/\/schwarzmueller.com\/en\/#organization\",\"name\":\"Schwarzm\u00fcller\",\"url\":\"https:\/\/schwarzmueller.com\/en\/\",\"logo\":{\"@type\":\"ImageObject\",\"inLanguage\":\"de\",\"@id\":\"https:\/\/schwarzmueller.com\/en\/#\/schema\/logo\/image\/\",\"url\":\"https:\/\/schwarzmueller.com\/wp-content\/uploads\/2024\/05\/sm_icon_logo.svg\",\"contentUrl\":\"https:\/\/schwarzmueller.com\/wp-content\/uploads\/2024\/05\/sm_icon_logo.svg\",\"width\":1,\"height\":1,\"caption\":\"Schwarzm\u00fcller\"},\"image\":{\"@id\":\"https:\/\/schwarzmueller.com\/en\/#\/schema\/logo\/image\/\"}},{\"@type\":\"Person\",\"@id\":\"https:\/\/schwarzmueller.com\/en\/#\/schema\/person\/1b3f17db980ba882a67bf06e04f3e9f9\",\"name\":\"hamed jenabi\",\"url\":\"https:\/\/schwarzmueller.com\/de\/author\/hamed\/\"}]}<\/script>\n<!-- \/ Yoast SEO Premium plugin. -->","yoast_head_json":{"title":"Ober\u00f6sterreichischer Wirtschaftslandesrat zu Besuch bei Schwarzm\u00fcller - Schwarzm\u00fcller","robots":{"index":"index","follow":"follow","max-snippet":"max-snippet:-1","max-image-preview":"max-image-preview:large","max-video-preview":"max-video-preview:-1"},"canonical":"https:\/\/schwarzmueller.com\/de\/oberoesterreichischer-wirtschaftslandesrat-zu-besuch-bei-schwarzmueller\/","og_locale":"de_DE","og_type":"article","og_title":"Ober\u00f6sterreichischer Wirtschaftslandesrat zu Besuch bei Schwarzm\u00fcller","og_description":"Der Wirtschaftslandesrat Markus Achleitner stattete dem \u00f6sterreichischen Marktf\u00fchrer f\u00fcr gezogene Nutzfahrzeuge Ende M\u00e4rz einen Besuch ab.","og_url":"https:\/\/schwarzmueller.com\/de\/oberoesterreichischer-wirtschaftslandesrat-zu-besuch-bei-schwarzmueller\/","og_site_name":"Schwarzm\u00fcller","article_published_time":"2019-04-29T05:10:45+00:00","article_modified_time":"2025-12-01T13:24:26+00:00","og_image":[{"width":1920,"height":1280,"url":"https:\/\/schwarzmueller.com\/wp-content\/uploads\/2019\/07\/schwarzmueller-aktuelles-img-allgemein-01.jpg","type":"image\/jpeg"}],"author":"hamed jenabi","twitter_card":"summary_large_image","twitter_misc":{"Verfasst von":"hamed jenabi","Gesch\u00e4tzte Lesezeit":"2\u00a0Minuten"},"schema":{"@context":"https:\/\/schema.org","@graph":[{"@type":"Article","@id":"https:\/\/schwarzmueller.com\/de\/oberoesterreichischer-wirtschaftslandesrat-zu-besuch-bei-schwarzmueller\/#article","isPartOf":{"@id":"https:\/\/schwarzmueller.com\/de\/oberoesterreichischer-wirtschaftslandesrat-zu-besuch-bei-schwarzmueller\/"},"author":{"name":"hamed jenabi","@id":"https:\/\/schwarzmueller.com\/en\/#\/schema\/person\/1b3f17db980ba882a67bf06e04f3e9f9"},"headline":"Ober\u00f6sterreichischer Wirtschaftslandesrat zu Besuch bei Schwarzm\u00fcller","datePublished":"2019-04-29T05:10:45+00:00","dateModified":"2025-12-01T13:24:26+00:00","mainEntityOfPage":{"@id":"https:\/\/schwarzmueller.com\/de\/oberoesterreichischer-wirtschaftslandesrat-zu-besuch-bei-schwarzmueller\/"},"wordCount":257,"publisher":{"@id":"https:\/\/schwarzmueller.com\/en\/#organization"},"image":{"@id":"https:\/\/schwarzmueller.com\/de\/oberoesterreichischer-wirtschaftslandesrat-zu-besuch-bei-schwarzmueller\/#primaryimage"},"thumbnailUrl":"https:\/\/schwarzmueller.com\/wp-content\/uploads\/2019\/07\/schwarzmueller-aktuelles-img-allgemein-01.jpg","articleSection":["beitrag"],"inLanguage":"de"},{"@type":"WebPage","@id":"https:\/\/schwarzmueller.com\/de\/oberoesterreichischer-wirtschaftslandesrat-zu-besuch-bei-schwarzmueller\/","url":"https:\/\/schwarzmueller.com\/de\/oberoesterreichischer-wirtschaftslandesrat-zu-besuch-bei-schwarzmueller\/","name":"Ober\u00f6sterreichischer Wirtschaftslandesrat zu Besuch bei Schwarzm\u00fcller - Schwarzm\u00fcller","isPartOf":{"@id":"https:\/\/schwarzmueller.com\/en\/#website"},"primaryImageOfPage":{"@id":"https:\/\/schwarzmueller.com\/de\/oberoesterreichischer-wirtschaftslandesrat-zu-besuch-bei-schwarzmueller\/#primaryimage"},"image":{"@id":"https:\/\/schwarzmueller.com\/de\/oberoesterreichischer-wirtschaftslandesrat-zu-besuch-bei-schwarzmueller\/#primaryimage"},"thumbnailUrl":"https:\/\/schwarzmueller.com\/wp-content\/uploads\/2019\/07\/schwarzmueller-aktuelles-img-allgemein-01.jpg","datePublished":"2019-04-29T05:10:45+00:00","dateModified":"2025-12-01T13:24:26+00:00","breadcrumb":{"@id":"https:\/\/schwarzmueller.com\/de\/oberoesterreichischer-wirtschaftslandesrat-zu-besuch-bei-schwarzmueller\/#breadcrumb"},"inLanguage":"de","potentialAction":[{"@type":"ReadAction","target":["https:\/\/schwarzmueller.com\/de\/oberoesterreichischer-wirtschaftslandesrat-zu-besuch-bei-schwarzmueller\/"]}]},{"@type":"ImageObject","inLanguage":"de","@id":"https:\/\/schwarzmueller.com\/de\/oberoesterreichischer-wirtschaftslandesrat-zu-besuch-bei-schwarzmueller\/#primaryimage","url":"https:\/\/schwarzmueller.com\/wp-content\/uploads\/2019\/07\/schwarzmueller-aktuelles-img-allgemein-01.jpg","contentUrl":"https:\/\/schwarzmueller.com\/wp-content\/uploads\/2019\/07\/schwarzmueller-aktuelles-img-allgemein-01.jpg","width":1920,"height":1280},{"@type":"BreadcrumbList","@id":"https:\/\/schwarzmueller.com\/de\/oberoesterreichischer-wirtschaftslandesrat-zu-besuch-bei-schwarzmueller\/#breadcrumb","itemListElement":[{"@type":"ListItem","position":1,"name":"Home","item":"https:\/\/schwarzmueller.com\/de\/home\/"},{"@type":"ListItem","position":2,"name":"Ober\u00f6sterreichischer Wirtschaftslandesrat zu Besuch bei Schwarzm\u00fcller"}]},{"@type":"WebSite","@id":"https:\/\/schwarzmueller.com\/en\/#website","url":"https:\/\/schwarzmueller.com\/en\/","name":"Schwarzm\u00fcller | Intelligente Fahrzeuge","description":"Ganz auf exzellente Fahrzeugtechnik gebaut","publisher":{"@id":"https:\/\/schwarzmueller.com\/en\/#organization"},"alternateName":"Schwarzm\u00fcller","potentialAction":[{"@type":"SearchAction","target":{"@type":"EntryPoint","urlTemplate":"https:\/\/schwarzmueller.com\/en\/?s={search_term_string}"},"query-input":{"@type":"PropertyValueSpecification","valueRequired":true,"valueName":"search_term_string"}}],"inLanguage":"de"},{"@type":"Organization","@id":"https:\/\/schwarzmueller.com\/en\/#organization","name":"Schwarzm\u00fcller","url":"https:\/\/schwarzmueller.com\/en\/","logo":{"@type":"ImageObject","inLanguage":"de","@id":"https:\/\/schwarzmueller.com\/en\/#\/schema\/logo\/image\/","url":"https:\/\/schwarzmueller.com\/wp-content\/uploads\/2024\/05\/sm_icon_logo.svg","contentUrl":"https:\/\/schwarzmueller.com\/wp-content\/uploads\/2024\/05\/sm_icon_logo.svg","width":1,"height":1,"caption":"Schwarzm\u00fcller"},"image":{"@id":"https:\/\/schwarzmueller.com\/en\/#\/schema\/logo\/image\/"}},{"@type":"Person","@id":"https:\/\/schwarzmueller.com\/en\/#\/schema\/person\/1b3f17db980ba882a67bf06e04f3e9f9","name":"hamed jenabi","url":"https:\/\/schwarzmueller.com\/de\/author\/hamed\/"}]}},"_links":{"self":[{"href":"https:\/\/schwarzmueller.com\/de\/wp-json\/wp\/v2\/posts\/51047","targetHints":{"allow":["GET"]}}],"collection":[{"href":"https:\/\/schwarzmueller.com\/de\/wp-json\/wp\/v2\/posts"}],"about":[{"href":"https:\/\/schwarzmueller.com\/de\/wp-json\/wp\/v2\/types\/post"}],"author":[{"embeddable":true,"href":"https:\/\/schwarzmueller.com\/de\/wp-json\/wp\/v2\/users\/5"}],"replies":[{"embeddable":true,"href":"https:\/\/schwarzmueller.com\/de\/wp-json\/wp\/v2\/comments?post=51047"}],"version-history":[{"count":2,"href":"https:\/\/schwarzmueller.com\/de\/wp-json\/wp\/v2\/posts\/51047\/revisions"}],"predecessor-version":[{"id":89789,"href":"https:\/\/schwarzmueller.com\/de\/wp-json\/wp\/v2\/posts\/51047\/revisions\/89789"}],"wp:featuredmedia":[{"embeddable":true,"href":"https:\/\/schwarzmueller.com\/de\/wp-json\/wp\/v2\/media\/89775"}],"wp:attachment":[{"href":"https:\/\/schwarzmueller.com\/de\/wp-json\/wp\/v2\/media?parent=51047"}],"wp:term":[{"taxonomy":"category","embeddable":true,"href":"https:\/\/schwarzmueller.com\/de\/wp-json\/wp\/v2\/categories?post=51047"},{"taxonomy":"post_tag","embeddable":true,"href":"https:\/\/schwarzmueller.com\/de\/wp-json\/wp\/v2\/tags?post=51047"}],"curies":[{"name":"wp","href":"https:\/\/api.w.org\/{rel}","templated":true}]}}