{"id":51026,"date":"2019-02-20T07:59:58","date_gmt":"2019-02-20T06:59:58","guid":{"rendered":"https:\/\/schwarzmueller.com\/zwei-experten-ein-ziel\/"},"modified":"2024-07-23T17:34:01","modified_gmt":"2024-07-23T15:34:01","slug":"zwei-experten-ein-ziel","status":"publish","type":"post","link":"https:\/\/schwarzmueller.com\/de\/zwei-experten-ein-ziel\/","title":{"rendered":"Zwei Experten. Ein Ziel."},"content":{"rendered":"\n<p><strong>Schwarzm\u00fcller stellt seine Vertriebsstruktur von einer l\u00e4nderorientierten Matrixorganisation auf eine produktorientierte Spartenl\u00f6sung um. Der Vorteil f\u00fcr den Kunden: Noch bessere Betreuung.<\/strong><\/p>\n\n\n\n<p>Der ober\u00f6sterreichische Premiumanbieter f\u00fcr gezogene Nutzfahrzeuge baut seine Kundenn\u00e4he weiter aus und setzt dabei auf h\u00f6here Flexibilit\u00e4t und direkten Kontakt. CSO Michael Weigand, Gesch\u00e4ftsf\u00fchrer Vertrieb und Marketing, setzt dabei zuk\u00fcnftig auf eine Spartenl\u00f6sung. Damit erzeuge die Schwarzm\u00fcller Gruppe einen Fokus der Vertriebsteams auf die jeweiligen Gesch\u00e4ftsfelder, wodurch es zu einer weiteren B\u00fcndelung der Kompetenzen und des Know-how komme, betonte Weigand. Dar\u00fcber hinaus erlaube diese Organisationsform eine internationale Durchg\u00e4ngigkeit von Aktivit\u00e4ten im jeweiligen Gesch\u00e4ftsfeld. \u201eUnser Ziel ist eine schlanke Organisation, mit der wir schnell und flexibel auf Trends und Ver\u00e4nderungen des Marktes reagieren k\u00f6nnen\u201c, so Weigand. \u201eMit Rudolf Schmid und Timm Megerlin haben wir zwei absolute Experten als Gesch\u00e4ftsbereichsleiter bestellt, die \u00fcber h\u00f6chste Kompetenz in ihrer jeweiligen Sparte verf\u00fcgen.\u201c<\/p>\n\n\n\n<p>Der langj\u00e4hrige Leiter der Vertriebsregion West, Rudolf Schmid, verantwortet ab sofort den Gesch\u00e4ftsbereich \u201eVerkauf Neufahrzeuge\u201c und verspricht Kunden in der Baubranche, in der Entsorgungs- und Mineral\u00f6lwirtschaft, in der Holzindustrie sowie im Fernverkehr \u201eintelligente Fahrzeuge\u201c, die im Einsatz mehr leisten. Schmid ist f\u00fcr den Absatz von derzeit rund 8.800 gezogenen Nutzfahrzeugen und Aufbauten pro Jahr zust\u00e4ndig. Der erfahrene Vertriebsprofi hat beste Kontakte in die Branche und wird zuk\u00fcnftig den internationalen Roll-out der Vertriebsstrategie f\u00fcr Neufahrzeuge in 16 L\u00e4ndern \u00fcbernehmen. \u201eDer pers\u00f6nliche Kundenkontakt sowie das ausgepr\u00e4gte Know-how und Verst\u00e4ndnis f\u00fcr die Transportanforderungen des Kunden sind unsere St\u00e4rken\u201c, betont Schmid. \u201eKurze, direkte Kommunikationswege schaffen die notwendige Flexibilit\u00e4t, die Schwarzm\u00fcller als einer der f\u00fchrenden Hersteller am europ\u00e4ischen Markt seinen Kunden bietet.\u201c<\/p>\n\n\n\n<p>F\u00fcr Timm Megerlin, der seit Jahresbeginn 2017 den Gesch\u00e4ftsbereich After Sales der Schwarzm\u00fcller Gruppe leitet, steht die Kundenzufriedenheit an erster Stelle. \u201eAls Premiumanbieter garantieren wir unseren Kunden eine 360\u00b0-Betreuung. Damit sind wir n\u00e4her an den Fahrzeugen und nat\u00fcrlich auch n\u00e4her am Bedarf der Kunden.\u201c Megerlin war vor seiner T\u00e4tigkeit bei Schwarzm\u00fcller jahrelang in den Bereichen Service und Wartung, Gebrauchtfahrzeugverkauf, Ersatzteilgesch\u00e4ft sowie Leasing und Finanzierung t\u00e4tig.<\/p>\n\n\n\n<p><em>F\u00fcr weitere Informationen: <\/em><br>Mag. Michael Prock, Prock und Prock Marktkommunikation GmbH, Pressesprecher<br>Rochusgasse 4, 5020 Salzburg, \u00d6sterreich<br>E-Mail: <a href=\"mailto:mp@prock-prock.at\">mp@prock-prock.at<\/a>, Tel.: +43.662.821155.0<br>___________________________________________________________________<\/p>\n\n\n\n<p>Die Schwarzm\u00fcller Gruppe ist einer der gr\u00f6\u00dften europ\u00e4ischen Komplettanbieter f\u00fcr gezogene Nutzfahrzeuge und in derzeit 21 L\u00e4ndern, \u00fcberwiegend in Zentral-, S\u00fcdost- und Osteuropa, pr\u00e4sent. Das Unternehmen setzt als Innovations- und Technologief\u00fchrer die Benchmarks der Branche und ist aufgrund seiner mehr als 140-j\u00e4hrigen Kompetenz der Spezialist f\u00fcr individuelle Transportl\u00f6sungen. Die wichtigsten Branchen, die Schwarzm\u00fcller Nutzfahrzeuge einsetzen, sind der Fernverkehr, die Bau- und die Mineral\u00f6lwirtschaft sowie die Lebensmittel- und die Holzindustrie. Schwarzm\u00fcller fertigt j\u00e4hrlich rund&nbsp;8.900 Nutzfahrzeuge, besch\u00e4ftigt aktuell rund 2.290 Mitarbeiter und erwirtschaftete im vergangenen Gesch\u00e4ftsjahr (2017) 349 Millionen Euro. Neben den Produktionsstandorten \u00d6sterreich (Hanzing), Tschechien (Zebrak) und Ungarn (Budapest) bietet das Unternehmen ein europaweites Netz von 350 Servicest\u00fctzpunkten.<\/p>\n","protected":false},"excerpt":{"rendered":"<p>Schwarzm\u00fcller stellt seine Vertriebsstruktur von einer l\u00e4nderorientierten Matrixorganisation auf eine produktorientierte Spartenl\u00f6sung um. Der Vorteil f\u00fcr den Kunden: Noch bessere Betreuung.<\/p>\n","protected":false},"author":5,"featured_media":35303,"comment_status":"closed","ping_status":"open","sticky":false,"template":"","format":"standard","meta":{"_acf_changed":false,"_relevanssi_hide_post":"","_relevanssi_hide_content":"","_relevanssi_pin_for_all":"","_relevanssi_pin_keywords":"","_relevanssi_unpin_keywords":"","_relevanssi_related_keywords":"","_relevanssi_related_include_ids":"","_relevanssi_related_exclude_ids":"","_relevanssi_related_no_append":"","_relevanssi_related_not_related":"","_relevanssi_related_posts":"51151,51152,51149,51150,60444,51118","_relevanssi_noindex_reason":"","footnotes":""},"categories":[1],"tags":[],"class_list":["post-51026","post","type-post","status-publish","format-standard","has-post-thumbnail","hentry","category-beitrag"],"acf":[],"yoast_head":"<!-- This site is optimized with the Yoast SEO Premium plugin v26.4 (Yoast SEO v27.2) - https:\/\/yoast.com\/product\/yoast-seo-premium-wordpress\/ -->\n<title>Zwei Experten. Ein Ziel. - Schwarzm\u00fcller<\/title>\n<meta name=\"robots\" content=\"index, follow, max-snippet:-1, max-image-preview:large, max-video-preview:-1\" \/>\n<link rel=\"canonical\" href=\"https:\/\/schwarzmueller.com\/de\/zwei-experten-ein-ziel\/\" \/>\n<meta property=\"og:locale\" content=\"de_DE\" \/>\n<meta property=\"og:type\" content=\"article\" \/>\n<meta property=\"og:title\" content=\"Zwei Experten. Ein Ziel.\" \/>\n<meta property=\"og:description\" content=\"Schwarzm\u00fcller stellt seine Vertriebsstruktur von einer l\u00e4nderorientierten Matrixorganisation auf eine produktorientierte Spartenl\u00f6sung um. Der Vorteil f\u00fcr den Kunden: Noch bessere Betreuung.\" \/>\n<meta property=\"og:url\" content=\"https:\/\/schwarzmueller.com\/de\/zwei-experten-ein-ziel\/\" \/>\n<meta property=\"og:site_name\" content=\"Schwarzm\u00fcller\" \/>\n<meta property=\"article:published_time\" content=\"2019-02-20T06:59:58+00:00\" \/>\n<meta property=\"article:modified_time\" content=\"2024-07-23T15:34:01+00:00\" \/>\n<meta property=\"og:image\" content=\"https:\/\/schwarzmueller.com\/wp-content\/uploads\/2024\/03\/csm_vertriebsmatrix_ea4853b381.jpg\" \/>\n\t<meta property=\"og:image:width\" content=\"768\" \/>\n\t<meta property=\"og:image:height\" content=\"512\" \/>\n\t<meta property=\"og:image:type\" content=\"image\/jpeg\" \/>\n<meta name=\"author\" content=\"hamed jenabi\" \/>\n<meta name=\"twitter:card\" content=\"summary_large_image\" \/>\n<meta name=\"twitter:label1\" content=\"Verfasst von\" \/>\n\t<meta name=\"twitter:data1\" content=\"hamed jenabi\" \/>\n\t<meta name=\"twitter:label2\" content=\"Gesch\u00e4tzte Lesezeit\" \/>\n\t<meta name=\"twitter:data2\" content=\"3\u00a0Minuten\" \/>\n<script type=\"application\/ld+json\" class=\"yoast-schema-graph\">{\"@context\":\"https:\/\/schema.org\",\"@graph\":[{\"@type\":\"Article\",\"@id\":\"https:\/\/schwarzmueller.com\/de\/zwei-experten-ein-ziel\/#article\",\"isPartOf\":{\"@id\":\"https:\/\/schwarzmueller.com\/de\/zwei-experten-ein-ziel\/\"},\"author\":{\"name\":\"hamed jenabi\",\"@id\":\"https:\/\/schwarzmueller.com\/en\/#\/schema\/person\/1b3f17db980ba882a67bf06e04f3e9f9\"},\"headline\":\"Zwei Experten. Ein Ziel.\",\"datePublished\":\"2019-02-20T06:59:58+00:00\",\"dateModified\":\"2024-07-23T15:34:01+00:00\",\"mainEntityOfPage\":{\"@id\":\"https:\/\/schwarzmueller.com\/de\/zwei-experten-ein-ziel\/\"},\"wordCount\":514,\"publisher\":{\"@id\":\"https:\/\/schwarzmueller.com\/en\/#organization\"},\"image\":{\"@id\":\"https:\/\/schwarzmueller.com\/de\/zwei-experten-ein-ziel\/#primaryimage\"},\"thumbnailUrl\":\"https:\/\/schwarzmueller.com\/wp-content\/uploads\/2024\/03\/csm_vertriebsmatrix_ea4853b381.jpg\",\"articleSection\":[\"beitrag\"],\"inLanguage\":\"de\"},{\"@type\":\"WebPage\",\"@id\":\"https:\/\/schwarzmueller.com\/de\/zwei-experten-ein-ziel\/\",\"url\":\"https:\/\/schwarzmueller.com\/de\/zwei-experten-ein-ziel\/\",\"name\":\"Zwei Experten. Ein Ziel. - Schwarzm\u00fcller\",\"isPartOf\":{\"@id\":\"https:\/\/schwarzmueller.com\/en\/#website\"},\"primaryImageOfPage\":{\"@id\":\"https:\/\/schwarzmueller.com\/de\/zwei-experten-ein-ziel\/#primaryimage\"},\"image\":{\"@id\":\"https:\/\/schwarzmueller.com\/de\/zwei-experten-ein-ziel\/#primaryimage\"},\"thumbnailUrl\":\"https:\/\/schwarzmueller.com\/wp-content\/uploads\/2024\/03\/csm_vertriebsmatrix_ea4853b381.jpg\",\"datePublished\":\"2019-02-20T06:59:58+00:00\",\"dateModified\":\"2024-07-23T15:34:01+00:00\",\"breadcrumb\":{\"@id\":\"https:\/\/schwarzmueller.com\/de\/zwei-experten-ein-ziel\/#breadcrumb\"},\"inLanguage\":\"de\",\"potentialAction\":[{\"@type\":\"ReadAction\",\"target\":[\"https:\/\/schwarzmueller.com\/de\/zwei-experten-ein-ziel\/\"]}]},{\"@type\":\"ImageObject\",\"inLanguage\":\"de\",\"@id\":\"https:\/\/schwarzmueller.com\/de\/zwei-experten-ein-ziel\/#primaryimage\",\"url\":\"https:\/\/schwarzmueller.com\/wp-content\/uploads\/2024\/03\/csm_vertriebsmatrix_ea4853b381.jpg\",\"contentUrl\":\"https:\/\/schwarzmueller.com\/wp-content\/uploads\/2024\/03\/csm_vertriebsmatrix_ea4853b381.jpg\",\"width\":768,\"height\":512,\"caption\":\"Die Schwarzm\u00fcller Experten f\u00fcr den Vertrieb. V.l.: Rudolf Schmid, Leiter Gesch\u00e4ftsbereich Neufahrzeuge, CSO Michael Weigand, Timm Megerlin, Leiter Gesch\u00e4ftsbereich After Sales\"},{\"@type\":\"BreadcrumbList\",\"@id\":\"https:\/\/schwarzmueller.com\/de\/zwei-experten-ein-ziel\/#breadcrumb\",\"itemListElement\":[{\"@type\":\"ListItem\",\"position\":1,\"name\":\"Home\",\"item\":\"https:\/\/schwarzmueller.com\/de\/home\/\"},{\"@type\":\"ListItem\",\"position\":2,\"name\":\"Zwei Experten. Ein Ziel.\"}]},{\"@type\":\"WebSite\",\"@id\":\"https:\/\/schwarzmueller.com\/en\/#website\",\"url\":\"https:\/\/schwarzmueller.com\/en\/\",\"name\":\"Schwarzm\u00fcller | Intelligente Fahrzeuge\",\"description\":\"Ganz auf exzellente Fahrzeugtechnik gebaut\",\"publisher\":{\"@id\":\"https:\/\/schwarzmueller.com\/en\/#organization\"},\"alternateName\":\"Schwarzm\u00fcller\",\"potentialAction\":[{\"@type\":\"SearchAction\",\"target\":{\"@type\":\"EntryPoint\",\"urlTemplate\":\"https:\/\/schwarzmueller.com\/en\/?s={search_term_string}\"},\"query-input\":{\"@type\":\"PropertyValueSpecification\",\"valueRequired\":true,\"valueName\":\"search_term_string\"}}],\"inLanguage\":\"de\"},{\"@type\":\"Organization\",\"@id\":\"https:\/\/schwarzmueller.com\/en\/#organization\",\"name\":\"Schwarzm\u00fcller\",\"url\":\"https:\/\/schwarzmueller.com\/en\/\",\"logo\":{\"@type\":\"ImageObject\",\"inLanguage\":\"de\",\"@id\":\"https:\/\/schwarzmueller.com\/en\/#\/schema\/logo\/image\/\",\"url\":\"https:\/\/schwarzmueller.com\/wp-content\/uploads\/2024\/05\/sm_icon_logo.svg\",\"contentUrl\":\"https:\/\/schwarzmueller.com\/wp-content\/uploads\/2024\/05\/sm_icon_logo.svg\",\"width\":1,\"height\":1,\"caption\":\"Schwarzm\u00fcller\"},\"image\":{\"@id\":\"https:\/\/schwarzmueller.com\/en\/#\/schema\/logo\/image\/\"}},{\"@type\":\"Person\",\"@id\":\"https:\/\/schwarzmueller.com\/en\/#\/schema\/person\/1b3f17db980ba882a67bf06e04f3e9f9\",\"name\":\"hamed jenabi\",\"url\":\"https:\/\/schwarzmueller.com\/de\/author\/hamed\/\"}]}<\/script>\n<!-- \/ Yoast SEO Premium plugin. -->","yoast_head_json":{"title":"Zwei Experten. Ein Ziel. - Schwarzm\u00fcller","robots":{"index":"index","follow":"follow","max-snippet":"max-snippet:-1","max-image-preview":"max-image-preview:large","max-video-preview":"max-video-preview:-1"},"canonical":"https:\/\/schwarzmueller.com\/de\/zwei-experten-ein-ziel\/","og_locale":"de_DE","og_type":"article","og_title":"Zwei Experten. Ein Ziel.","og_description":"Schwarzm\u00fcller stellt seine Vertriebsstruktur von einer l\u00e4nderorientierten Matrixorganisation auf eine produktorientierte Spartenl\u00f6sung um. Der Vorteil f\u00fcr den Kunden: Noch bessere Betreuung.","og_url":"https:\/\/schwarzmueller.com\/de\/zwei-experten-ein-ziel\/","og_site_name":"Schwarzm\u00fcller","article_published_time":"2019-02-20T06:59:58+00:00","article_modified_time":"2024-07-23T15:34:01+00:00","og_image":[{"width":768,"height":512,"url":"https:\/\/schwarzmueller.com\/wp-content\/uploads\/2024\/03\/csm_vertriebsmatrix_ea4853b381.jpg","type":"image\/jpeg"}],"author":"hamed jenabi","twitter_card":"summary_large_image","twitter_misc":{"Verfasst von":"hamed jenabi","Gesch\u00e4tzte Lesezeit":"3\u00a0Minuten"},"schema":{"@context":"https:\/\/schema.org","@graph":[{"@type":"Article","@id":"https:\/\/schwarzmueller.com\/de\/zwei-experten-ein-ziel\/#article","isPartOf":{"@id":"https:\/\/schwarzmueller.com\/de\/zwei-experten-ein-ziel\/"},"author":{"name":"hamed jenabi","@id":"https:\/\/schwarzmueller.com\/en\/#\/schema\/person\/1b3f17db980ba882a67bf06e04f3e9f9"},"headline":"Zwei Experten. Ein Ziel.","datePublished":"2019-02-20T06:59:58+00:00","dateModified":"2024-07-23T15:34:01+00:00","mainEntityOfPage":{"@id":"https:\/\/schwarzmueller.com\/de\/zwei-experten-ein-ziel\/"},"wordCount":514,"publisher":{"@id":"https:\/\/schwarzmueller.com\/en\/#organization"},"image":{"@id":"https:\/\/schwarzmueller.com\/de\/zwei-experten-ein-ziel\/#primaryimage"},"thumbnailUrl":"https:\/\/schwarzmueller.com\/wp-content\/uploads\/2024\/03\/csm_vertriebsmatrix_ea4853b381.jpg","articleSection":["beitrag"],"inLanguage":"de"},{"@type":"WebPage","@id":"https:\/\/schwarzmueller.com\/de\/zwei-experten-ein-ziel\/","url":"https:\/\/schwarzmueller.com\/de\/zwei-experten-ein-ziel\/","name":"Zwei Experten. Ein Ziel. - Schwarzm\u00fcller","isPartOf":{"@id":"https:\/\/schwarzmueller.com\/en\/#website"},"primaryImageOfPage":{"@id":"https:\/\/schwarzmueller.com\/de\/zwei-experten-ein-ziel\/#primaryimage"},"image":{"@id":"https:\/\/schwarzmueller.com\/de\/zwei-experten-ein-ziel\/#primaryimage"},"thumbnailUrl":"https:\/\/schwarzmueller.com\/wp-content\/uploads\/2024\/03\/csm_vertriebsmatrix_ea4853b381.jpg","datePublished":"2019-02-20T06:59:58+00:00","dateModified":"2024-07-23T15:34:01+00:00","breadcrumb":{"@id":"https:\/\/schwarzmueller.com\/de\/zwei-experten-ein-ziel\/#breadcrumb"},"inLanguage":"de","potentialAction":[{"@type":"ReadAction","target":["https:\/\/schwarzmueller.com\/de\/zwei-experten-ein-ziel\/"]}]},{"@type":"ImageObject","inLanguage":"de","@id":"https:\/\/schwarzmueller.com\/de\/zwei-experten-ein-ziel\/#primaryimage","url":"https:\/\/schwarzmueller.com\/wp-content\/uploads\/2024\/03\/csm_vertriebsmatrix_ea4853b381.jpg","contentUrl":"https:\/\/schwarzmueller.com\/wp-content\/uploads\/2024\/03\/csm_vertriebsmatrix_ea4853b381.jpg","width":768,"height":512,"caption":"Die Schwarzm\u00fcller Experten f\u00fcr den Vertrieb. V.l.: Rudolf Schmid, Leiter Gesch\u00e4ftsbereich Neufahrzeuge, CSO Michael Weigand, Timm Megerlin, Leiter Gesch\u00e4ftsbereich After Sales"},{"@type":"BreadcrumbList","@id":"https:\/\/schwarzmueller.com\/de\/zwei-experten-ein-ziel\/#breadcrumb","itemListElement":[{"@type":"ListItem","position":1,"name":"Home","item":"https:\/\/schwarzmueller.com\/de\/home\/"},{"@type":"ListItem","position":2,"name":"Zwei Experten. Ein Ziel."}]},{"@type":"WebSite","@id":"https:\/\/schwarzmueller.com\/en\/#website","url":"https:\/\/schwarzmueller.com\/en\/","name":"Schwarzm\u00fcller | Intelligente Fahrzeuge","description":"Ganz auf exzellente Fahrzeugtechnik gebaut","publisher":{"@id":"https:\/\/schwarzmueller.com\/en\/#organization"},"alternateName":"Schwarzm\u00fcller","potentialAction":[{"@type":"SearchAction","target":{"@type":"EntryPoint","urlTemplate":"https:\/\/schwarzmueller.com\/en\/?s={search_term_string}"},"query-input":{"@type":"PropertyValueSpecification","valueRequired":true,"valueName":"search_term_string"}}],"inLanguage":"de"},{"@type":"Organization","@id":"https:\/\/schwarzmueller.com\/en\/#organization","name":"Schwarzm\u00fcller","url":"https:\/\/schwarzmueller.com\/en\/","logo":{"@type":"ImageObject","inLanguage":"de","@id":"https:\/\/schwarzmueller.com\/en\/#\/schema\/logo\/image\/","url":"https:\/\/schwarzmueller.com\/wp-content\/uploads\/2024\/05\/sm_icon_logo.svg","contentUrl":"https:\/\/schwarzmueller.com\/wp-content\/uploads\/2024\/05\/sm_icon_logo.svg","width":1,"height":1,"caption":"Schwarzm\u00fcller"},"image":{"@id":"https:\/\/schwarzmueller.com\/en\/#\/schema\/logo\/image\/"}},{"@type":"Person","@id":"https:\/\/schwarzmueller.com\/en\/#\/schema\/person\/1b3f17db980ba882a67bf06e04f3e9f9","name":"hamed jenabi","url":"https:\/\/schwarzmueller.com\/de\/author\/hamed\/"}]}},"_links":{"self":[{"href":"https:\/\/schwarzmueller.com\/de\/wp-json\/wp\/v2\/posts\/51026","targetHints":{"allow":["GET"]}}],"collection":[{"href":"https:\/\/schwarzmueller.com\/de\/wp-json\/wp\/v2\/posts"}],"about":[{"href":"https:\/\/schwarzmueller.com\/de\/wp-json\/wp\/v2\/types\/post"}],"author":[{"embeddable":true,"href":"https:\/\/schwarzmueller.com\/de\/wp-json\/wp\/v2\/users\/5"}],"replies":[{"embeddable":true,"href":"https:\/\/schwarzmueller.com\/de\/wp-json\/wp\/v2\/comments?post=51026"}],"version-history":[{"count":1,"href":"https:\/\/schwarzmueller.com\/de\/wp-json\/wp\/v2\/posts\/51026\/revisions"}],"predecessor-version":[{"id":67742,"href":"https:\/\/schwarzmueller.com\/de\/wp-json\/wp\/v2\/posts\/51026\/revisions\/67742"}],"wp:featuredmedia":[{"embeddable":true,"href":"https:\/\/schwarzmueller.com\/de\/wp-json\/wp\/v2\/media\/35303"}],"wp:attachment":[{"href":"https:\/\/schwarzmueller.com\/de\/wp-json\/wp\/v2\/media?parent=51026"}],"wp:term":[{"taxonomy":"category","embeddable":true,"href":"https:\/\/schwarzmueller.com\/de\/wp-json\/wp\/v2\/categories?post=51026"},{"taxonomy":"post_tag","embeddable":true,"href":"https:\/\/schwarzmueller.com\/de\/wp-json\/wp\/v2\/tags?post=51026"}],"curies":[{"name":"wp","href":"https:\/\/api.w.org\/{rel}","templated":true}]}}