{"id":51375,"date":"2021-02-24T06:19:03","date_gmt":"2021-02-24T05:19:03","guid":{"rendered":"https:\/\/schwarzmueller.com\/navzdory-covidu-19-se-prodej-v-roce-2020-nezastavil\/"},"modified":"2021-02-24T06:19:03","modified_gmt":"2021-02-24T05:19:03","slug":"navzdory-covidu-19-se-prodej-v-roce-2020-nezastavil","status":"publish","type":"post","link":"https:\/\/schwarzmueller.com\/cs\/navzdory-covidu-19-se-prodej-v-roce-2020-nezastavil\/","title":{"rendered":"Navzdory Covidu-19 se prodej v roce 2020 nezastavil."},"content":{"rendered":"<p>Skupina Schwarzm\u00fcller dos\u00e1hla v roce 2020 obratu 366 milion\u016f eur po 364 milion\u016f eur v p\u0159ede\u0161l\u00e9m roce. Navzdory sedmiprocentn\u00edmu sn\u00ed\u017een\u00ed po\u010dtu prodan\u00fdch p\u0159\u00edv\u011bs\u016f tr\u017eby m\u00edrn\u011b vzrostly. \u201eS t\u00edmto v\u00fdsledkem jsme v Covid roce velmi spokojeni. Na\u0161e \u00fasil\u00ed o zv\u00fd\u0161en\u00ed odolnosti spole\u010dnosti fungovalo: Z\u00e1t\u011b\u017eov\u00fd test roku 2020 jsme \u00fasp\u011b\u0161n\u011b zvl\u00e1dli!\u201c To bylo zd\u016frazn\u011bno dnes, ve st\u0159edu 24. \u00fanora, p\u0159i ozn\u00e1men\u00ed kl\u00ed\u010dov\u00fdch \u00fadaj\u016f za posledn\u00ed finan\u010dn\u00ed rok v s\u00eddle spole\u010dnosti v Hanzingu ve Freinbergu u Sch\u00e4rdingu. V roce 2021 jsou tr\u017eby ve v\u00fd\u0161i 400 milion\u016f euro zahrnuty do rozpo\u010dtu, ale budou op\u011bt siln\u011b ovlivn\u011bny Covid-pandemi\u00ed.<\/p>\n<p>V p\u0159edchoz\u00edm roce skupina Schwarzm\u00fcller vyrobila 8.800 p\u0159\u00edv\u011bs\u016f a n\u00e1staveb. To bylo o 641 kus\u016f m\u00e9n\u011b ne\u017e v roce 2019. P\u0159esto tr\u017eby m\u00edrn\u011b vzrostly, a to o 2 miliony euro. Na prvn\u00ed m\u00edst\u011b jsou to vozidla pro stavebn\u00ed a infrastrukturn\u00ed spole\u010dnosti s 6.300 kusy, co\u017e je 72 procent v\u00fdroby. Druh\u00fd segment, p\u0159\u00edv\u011bsy pro d\u00e1lkovou p\u0159epravu, co\u017e je 2.500 ks nebo 28 procent. Stejn\u011b jako v cel\u00e9m odv\u011btv\u00ed se i u Schwarzm\u00fclleru v roce 2020 odlom\u00ed o t\u00e9m\u011b\u0159 40 procent. Vozidla pro stavebnictv\u00ed a infrastrukturu z\u016fstala relativn\u011b stabiln\u00ed. Jejich vysok\u00fd pod\u00edl se tak\u00e9 odr\u00e1\u017e\u00ed v n\u00e1kupu H\u00fcffermann Transportsysteme, kter\u00fd prob\u011bhl v lednu 2020. Kontejnerov\u00e1 dopravn\u00ed vozidla vyr\u00e1b\u011bn\u00e1 dce\u0159inou spole\u010dnost\u00ed se pou\u017e\u00edvaj\u00ed pro odpad a recyklovateln\u00fd materi\u00e1l. H\u00fcffermann je pro to p\u0159edn\u00edm n\u011bmeck\u00fdm v\u00fdrobcem, \u0159ekl Hartwig.<\/p>\n<p><strong>Osv\u011bd\u010den\u00e1 odolnost<\/strong><\/p>\n<p>Jako nejd\u016fle\u017eit\u011bj\u0161\u00ed v\u00fdsledek krizov\u00e9ho roku 2020 ozna\u010dil gener\u00e1ln\u00ed \u0159editel odolnost, kterou jeho spole\u010dnost prok\u00e1zala. \u010c\u00e1st spole\u010dnosti Schwarzm\u00fcller ztratila v\u00edce ne\u017e 15 procent sv\u00e9ho provozn\u00edho v\u00fdkonu, ani\u017e by sklouzla do \u010derven\u00fdch \u010d\u00edsel. Pomoc\u00ed zkr\u00e1cen\u00e9 pracovn\u00ed dobry \u201eKurzarbeit\u201c bylo tak\u00e9 mo\u017en\u00e9 udr\u017eet st\u00e1lou pracovn\u00ed s\u00edlu a pokra\u010dovat ve financov\u00e1n\u00ed strategick\u00fdch projekt\u016f, jako je \u0161kol\u00edc\u00ed st\u0159edisko. Produktov\u00e9 portfolio bylo d\u00e1le rozv\u00edjeno, jak ukazuje nov\u011b navr\u017een\u00e1 produktov\u00e1 \u0159ada POWER LINE pro d\u00e1lkovou p\u0159epravu.<\/p>\n<p>Odolnost, o kterou usiloval od sv\u00e9ho n\u00e1stupu do funkce v roce 2016, nyn\u00ed pro\u0161la zkou\u0161kou ohn\u011b, Hartwig vid\u00ed tak\u00e9 pozitivn\u00ed str\u00e1nky extr\u00e9mn\u011b obt\u00ed\u017en\u00e9ho roku. Cel\u00fd mezin\u00e1rodn\u00ed t\u00fdm byl siln\u011b napaden. Spole\u010dn\u011b se v\u0161ak dok\u00e1zali vyhnout zav\u00edrac\u00ed dob\u011b. Pracovn\u00edci byli podporov\u00e1n\u00ed inciativami, jakou jsou automatick\u00e9 vesty hl\u00eddaj\u00edc\u00ed odstup mezi pracovn\u00edky ve v\u00fdrob\u011b nebo provozn\u00ed smlouvou o homeoffice b\u011bhem pandemie.<\/p>\n<p><strong>L\u00eddr na trhu v p\u011bti zem\u00edch<\/strong><\/p>\n<p>Schwarzm\u00fcller z\u00edskal pod\u00edl na trhu v n\u011bkolika zem\u00edch, pokud jde o klesaj\u00edc\u00ed objemy koronavirov\u00e9ho roku. Na konci prosince byl hornorakousk\u00fd pr\u00e9miov\u00fd v\u00fdrobce l\u00eddrem na trhu v Rakousku, \u0160v\u00fdcarsku, \u010cesk\u00e9 republice, Ma\u010farsku a na Slovensku.<br \/> V N\u011bmecku akvizice H\u00fcffermana poprv\u00e9 umo\u017enila p\u0159ekonat hranici deseti procent. \u201eNa\u0161e vozidla jsou zam\u011b\u0159ena na p\u0159idanou hodnotu u\u017eivatele a jsou st\u00e1le \u017e\u00e1dan\u011bj\u0161\u00ed v n\u00e1ro\u010dn\u00fdch odv\u011btv\u00ed,\u201c uvedl Hartwig. Z toho odvodil strategii zaveden\u00ed tohoto obchodn\u00edho modelu na dal\u0161\u00ed evropsk\u00e9 trhy. Prvn\u00ed zast\u00e1vkou je Polsko, kde je organizace v sou\u010dasn\u00e9 dob\u011b modernizov\u00e1na, aby zopakovala \u00fasp\u011bch N\u011bmecka.<\/p>\n<p><strong>2021: Mo\u017en\u00fd r\u016fst a\u017e o deset procent<\/strong><\/p>\n<p>Hartwig pl\u00e1nuje v leto\u0161n\u00edm roce pro celou skupinu obrat ve v\u00fd\u0161i 400 milion\u016f eur. Za t\u00edmto \u00fa\u010delem chce prodat 10.000 vozidel. \u201eNicm\u00e9n\u011b v na\u0161em jubilejn\u00edm roce bude ur\u010dovat tempo pandemie. N\u00e1klady m\u00e1me pod kontrolou. Ale nejsme si jist\u00ed, co m\u016f\u017eeme skute\u010dn\u011b prodat.\u201c V sou\u010dasn\u00e9 dob\u011b je dvoucifern\u00fd p\u0159ebytek objedn\u00e1vek ve srovn\u00e1n\u00ed s rokem 2020. To by v\u0161ak mohlo rychle vymizet, pokud se rozpolo\u017een\u00ed v pr\u016fmyslu sn\u00ed\u017e\u00ed nebo se mezin\u00e1rodn\u00ed dodavatelsk\u00e9 \u0159et\u011bzce rozpadnou.<\/p>\n<p>V ka\u017ed\u00e9m p\u0159\u00edpad\u011b bude ovlivn\u011bno 150. v\u00fdro\u010d\u00ed skupiny Schwarzm\u00fcller. Pl\u00e1novan\u00e9 z\u00e1kaznick\u00e9 akce byly zru\u0161eny s t\u011b\u017ek\u00fdm srdcem. Pokud bude situace na podzim stabiln\u00ed, mohly by se konat men\u0161\u00ed akce. K v\u00fdro\u010d\u00ed bylo zpracov\u00e1no 150 let historie spole\u010dnosti. Kronika z let 1871 a\u017e 2021 ukazuje, jak s podnik\u00e1n\u00edm a p\u0159edv\u00eddavost\u00ed p\u011bti generac\u00ed byla postavena jedna z velk\u00fdch a tradi\u010dn\u00edch rakousk\u00fdch pr\u016fmyslov\u00fdch spole\u010dnost\u00ed. \u201eTento duch je na\u0161\u00ed povinnost\u00ed energicky vyu\u017e\u00edvat na\u0161e mezin\u00e1rodn\u00ed p\u0159\u00edle\u017eitosti,\u201c sl\u00edbil gener\u00e1ln\u00ed \u0159editel.<\/p>\n<p class=\"small\"><em>Dal\u0161\u00ed informace:<\/em><br \/> Mag. Michael Prock, tiskov\u00fd mluv\u010d\u00ed, Prock und Prock Marktkommunikation GmbH<br \/> Lasserstra\u00dfe 13\/1, 5020 Salzburg, Rakousko<br \/> E-mail: <a href=\"javascript:linkTo_UnCryptMailto('kygjrm8knYnpmai+npmai,yr');\" title=\"mp@prock-prock.at\">mp@prock-prock.at<\/a>, Tel.: +43 662 8211550<br \/> __________________________________________________________________<\/p>\n<p class=\"small\">Skupina Schwarzm\u00fcller je jedn\u00edm z nejv\u011bt\u0161\u00edch evropsk\u00fdch poskytovatel\u016f ta\u017en\u00fdch u\u017eitkov\u00fdch vozidel. D\u00edky sv\u00e9 prvot\u0159\u00eddn\u00ed orientaci spole\u010dnost nastavuje m\u011b\u0159\u00edtka v tomto odv\u011btv\u00ed a d\u00edky 150 let\u016fm zku\u0161enost\u00ed je specialistou na individu\u00e1ln\u00ed dopravn\u00ed \u0159e\u0161en\u00ed v n\u00e1ro\u010dn\u00fdch pr\u016fmyslov\u00fdch odv\u011btv\u00edch. S vozidly obou zna\u010dek Schwarzm\u00fcller a H\u00fcffermann dod\u00e1v\u00e1 spole\u010dnost pro stavebn\u00ed pr\u016fmysl, infrastrukturn\u00ed spole\u010dnosti, pr\u016fmysl surovin a recyklovateln\u00fdch materi\u00e1l\u016f a d\u00e1lkov\u00e9 dopravn\u00ed spole\u010dnosti.<\/p>\n","protected":false},"excerpt":{"rendered":"<ul>\n<li>S men\u0161\u00edm po\u010dtem vozidel dosa\u017eeno v\u011bt\u0161\u00edch prodej\u016f<\/li>\n<li>Poprv\u00e9 l\u00eddrem na trhu v p\u011bti zem\u00edch<\/li>\n<li>Uzav\u0159ena smlouva o homeoffice<\/li>\n<\/ul>\n","protected":false},"author":5,"featured_media":35077,"comment_status":"closed","ping_status":"open","sticky":false,"template":"","format":"standard","meta":{"_acf_changed":false,"_relevanssi_hide_post":"","_relevanssi_hide_content":"","_relevanssi_pin_for_all":"","_relevanssi_pin_keywords":"","_relevanssi_unpin_keywords":"","_relevanssi_related_keywords":"","_relevanssi_related_include_ids":"","_relevanssi_related_exclude_ids":"","_relevanssi_related_no_append":"","_relevanssi_related_not_related":"","_relevanssi_related_posts":"51407,51405,51301,51316,51349,51322","_relevanssi_noindex_reason":"","footnotes":""},"categories":[7011],"tags":[],"class_list":["post-51375","post","type-post","status-publish","format-standard","has-post-thumbnail","hentry","category-uncategorized-cs"],"acf":[],"yoast_head":"<!-- This site is optimized with the Yoast SEO Premium plugin v26.4 (Yoast SEO v27.2) - https:\/\/yoast.com\/product\/yoast-seo-premium-wordpress\/ -->\n<title>Navzdory Covidu-19 se prodej v roce 2020 nezastavil. - Schwarzm\u00fcller<\/title>\n<meta name=\"robots\" content=\"index, follow, max-snippet:-1, max-image-preview:large, max-video-preview:-1\" \/>\n<link rel=\"canonical\" href=\"https:\/\/schwarzmueller.com\/de\/trotz-corona-den-umsatz-von-2019-eingestellt\/\" \/>\n<meta property=\"og:locale\" content=\"cs_CZ\" \/>\n<meta property=\"og:type\" content=\"article\" \/>\n<meta property=\"og:title\" content=\"Navzdory Covidu-19 se prodej v roce 2020 nezastavil.\" \/>\n<meta property=\"og:description\" content=\"S men\u0161\u00edm po\u010dtem vozidel dosa\u017eeno v\u011bt\u0161\u00edch prodej\u016f Poprv\u00e9 l\u00eddrem na trhu v p\u011bti zem\u00edch Uzav\u0159ena smlouva o homeoffice\" \/>\n<meta property=\"og:url\" content=\"https:\/\/schwarzmueller.com\/de\/trotz-corona-den-umsatz-von-2019-eingestellt\/\" \/>\n<meta property=\"og:site_name\" content=\"Schwarzm\u00fcller\" \/>\n<meta property=\"article:published_time\" content=\"2021-02-24T05:19:03+00:00\" \/>\n<meta property=\"og:image\" content=\"https:\/\/schwarzmueller.com\/wp-content\/uploads\/2024\/03\/csm_schwarzmueller_hanzing_red_ed8903e036.jpg\" \/>\n\t<meta property=\"og:image:width\" content=\"768\" \/>\n\t<meta property=\"og:image:height\" content=\"513\" \/>\n\t<meta property=\"og:image:type\" content=\"image\/jpeg\" \/>\n<meta name=\"author\" content=\"hamed jenabi\" \/>\n<meta name=\"twitter:card\" content=\"summary_large_image\" \/>\n<meta name=\"twitter:label1\" content=\"Napsal(a)\" \/>\n\t<meta name=\"twitter:data1\" content=\"hamed jenabi\" \/>\n\t<meta name=\"twitter:label2\" content=\"Odhadovan\u00e1 doba \u010dten\u00ed\" \/>\n\t<meta name=\"twitter:data2\" content=\"5 minut\" \/>\n<script type=\"application\/ld+json\" class=\"yoast-schema-graph\">{\"@context\":\"https:\/\/schema.org\",\"@graph\":[{\"@type\":\"Article\",\"@id\":\"https:\/\/schwarzmueller.com\/de\/trotz-corona-den-umsatz-von-2019-eingestellt\/#article\",\"isPartOf\":{\"@id\":\"https:\/\/schwarzmueller.com\/de\/trotz-corona-den-umsatz-von-2019-eingestellt\/\"},\"author\":{\"name\":\"hamed jenabi\",\"@id\":\"https:\/\/schwarzmueller.com\/en\/#\/schema\/person\/1b3f17db980ba882a67bf06e04f3e9f9\"},\"headline\":\"Navzdory Covidu-19 se prodej v roce 2020 nezastavil.\",\"datePublished\":\"2021-02-24T05:19:03+00:00\",\"mainEntityOfPage\":{\"@id\":\"https:\/\/schwarzmueller.com\/de\/trotz-corona-den-umsatz-von-2019-eingestellt\/\"},\"wordCount\":910,\"publisher\":{\"@id\":\"https:\/\/schwarzmueller.com\/en\/#organization\"},\"image\":{\"@id\":\"https:\/\/schwarzmueller.com\/de\/trotz-corona-den-umsatz-von-2019-eingestellt\/#primaryimage\"},\"thumbnailUrl\":\"https:\/\/schwarzmueller.com\/wp-content\/uploads\/2024\/03\/csm_schwarzmueller_hanzing_red_ed8903e036.jpg\",\"articleSection\":[\"Uncategorized @cs\"],\"inLanguage\":\"cs\"},{\"@type\":\"WebPage\",\"@id\":\"https:\/\/schwarzmueller.com\/de\/trotz-corona-den-umsatz-von-2019-eingestellt\/\",\"url\":\"https:\/\/schwarzmueller.com\/de\/trotz-corona-den-umsatz-von-2019-eingestellt\/\",\"name\":\"Navzdory Covidu-19 se prodej v roce 2020 nezastavil. - Schwarzm\u00fcller\",\"isPartOf\":{\"@id\":\"https:\/\/schwarzmueller.com\/en\/#website\"},\"primaryImageOfPage\":{\"@id\":\"https:\/\/schwarzmueller.com\/de\/trotz-corona-den-umsatz-von-2019-eingestellt\/#primaryimage\"},\"image\":{\"@id\":\"https:\/\/schwarzmueller.com\/de\/trotz-corona-den-umsatz-von-2019-eingestellt\/#primaryimage\"},\"thumbnailUrl\":\"https:\/\/schwarzmueller.com\/wp-content\/uploads\/2024\/03\/csm_schwarzmueller_hanzing_red_ed8903e036.jpg\",\"datePublished\":\"2021-02-24T05:19:03+00:00\",\"breadcrumb\":{\"@id\":\"https:\/\/schwarzmueller.com\/de\/trotz-corona-den-umsatz-von-2019-eingestellt\/#breadcrumb\"},\"inLanguage\":\"cs\",\"potentialAction\":[{\"@type\":\"ReadAction\",\"target\":[\"https:\/\/schwarzmueller.com\/de\/trotz-corona-den-umsatz-von-2019-eingestellt\/\"]}]},{\"@type\":\"ImageObject\",\"inLanguage\":\"cs\",\"@id\":\"https:\/\/schwarzmueller.com\/de\/trotz-corona-den-umsatz-von-2019-eingestellt\/#primaryimage\",\"url\":\"https:\/\/schwarzmueller.com\/wp-content\/uploads\/2024\/03\/csm_schwarzmueller_hanzing_red_ed8903e036.jpg\",\"contentUrl\":\"https:\/\/schwarzmueller.com\/wp-content\/uploads\/2024\/03\/csm_schwarzmueller_hanzing_red_ed8903e036.jpg\",\"width\":768,\"height\":513,\"caption\":\"Nov\u00e1 linkov\u00e1 v\u00fdroba zv\u00fd\u0161ila odolnost skupiny Schwarzm\u00fcller. To bylo prok\u00e1z\u00e1no v roce 2020.\"},{\"@type\":\"BreadcrumbList\",\"@id\":\"https:\/\/schwarzmueller.com\/de\/trotz-corona-den-umsatz-von-2019-eingestellt\/#breadcrumb\",\"itemListElement\":[{\"@type\":\"ListItem\",\"position\":1,\"name\":\"Home\",\"item\":\"https:\/\/schwarzmueller.com\/cs\/home-2\/\"},{\"@type\":\"ListItem\",\"position\":2,\"name\":\"Navzdory Covidu-19 se prodej v roce 2020 nezastavil.\"}]},{\"@type\":\"WebSite\",\"@id\":\"https:\/\/schwarzmueller.com\/en\/#website\",\"url\":\"https:\/\/schwarzmueller.com\/en\/\",\"name\":\"Schwarzm\u00fcller | Intelligente Fahrzeuge\",\"description\":\"Ganz auf exzellente Fahrzeugtechnik gebaut\",\"publisher\":{\"@id\":\"https:\/\/schwarzmueller.com\/en\/#organization\"},\"alternateName\":\"Schwarzm\u00fcller\",\"potentialAction\":[{\"@type\":\"SearchAction\",\"target\":{\"@type\":\"EntryPoint\",\"urlTemplate\":\"https:\/\/schwarzmueller.com\/en\/?s={search_term_string}\"},\"query-input\":{\"@type\":\"PropertyValueSpecification\",\"valueRequired\":true,\"valueName\":\"search_term_string\"}}],\"inLanguage\":\"cs\"},{\"@type\":\"Organization\",\"@id\":\"https:\/\/schwarzmueller.com\/en\/#organization\",\"name\":\"Schwarzm\u00fcller\",\"url\":\"https:\/\/schwarzmueller.com\/en\/\",\"logo\":{\"@type\":\"ImageObject\",\"inLanguage\":\"cs\",\"@id\":\"https:\/\/schwarzmueller.com\/en\/#\/schema\/logo\/image\/\",\"url\":\"https:\/\/schwarzmueller.com\/wp-content\/uploads\/2024\/05\/sm_icon_logo.svg\",\"contentUrl\":\"https:\/\/schwarzmueller.com\/wp-content\/uploads\/2024\/05\/sm_icon_logo.svg\",\"width\":1,\"height\":1,\"caption\":\"Schwarzm\u00fcller\"},\"image\":{\"@id\":\"https:\/\/schwarzmueller.com\/en\/#\/schema\/logo\/image\/\"}},{\"@type\":\"Person\",\"@id\":\"https:\/\/schwarzmueller.com\/en\/#\/schema\/person\/1b3f17db980ba882a67bf06e04f3e9f9\",\"name\":\"hamed jenabi\",\"url\":\"https:\/\/schwarzmueller.com\/cs\/author\/hamed\/\"}]}<\/script>\n<!-- \/ Yoast SEO Premium plugin. -->","yoast_head_json":{"title":"Navzdory Covidu-19 se prodej v roce 2020 nezastavil. - Schwarzm\u00fcller","robots":{"index":"index","follow":"follow","max-snippet":"max-snippet:-1","max-image-preview":"max-image-preview:large","max-video-preview":"max-video-preview:-1"},"canonical":"https:\/\/schwarzmueller.com\/de\/trotz-corona-den-umsatz-von-2019-eingestellt\/","og_locale":"cs_CZ","og_type":"article","og_title":"Navzdory Covidu-19 se prodej v roce 2020 nezastavil.","og_description":"S men\u0161\u00edm po\u010dtem vozidel dosa\u017eeno v\u011bt\u0161\u00edch prodej\u016f Poprv\u00e9 l\u00eddrem na trhu v p\u011bti zem\u00edch Uzav\u0159ena smlouva o homeoffice","og_url":"https:\/\/schwarzmueller.com\/de\/trotz-corona-den-umsatz-von-2019-eingestellt\/","og_site_name":"Schwarzm\u00fcller","article_published_time":"2021-02-24T05:19:03+00:00","og_image":[{"width":768,"height":513,"url":"https:\/\/schwarzmueller.com\/wp-content\/uploads\/2024\/03\/csm_schwarzmueller_hanzing_red_ed8903e036.jpg","type":"image\/jpeg"}],"author":"hamed jenabi","twitter_card":"summary_large_image","twitter_misc":{"Napsal(a)":"hamed jenabi","Odhadovan\u00e1 doba \u010dten\u00ed":"5 minut"},"schema":{"@context":"https:\/\/schema.org","@graph":[{"@type":"Article","@id":"https:\/\/schwarzmueller.com\/de\/trotz-corona-den-umsatz-von-2019-eingestellt\/#article","isPartOf":{"@id":"https:\/\/schwarzmueller.com\/de\/trotz-corona-den-umsatz-von-2019-eingestellt\/"},"author":{"name":"hamed jenabi","@id":"https:\/\/schwarzmueller.com\/en\/#\/schema\/person\/1b3f17db980ba882a67bf06e04f3e9f9"},"headline":"Navzdory Covidu-19 se prodej v roce 2020 nezastavil.","datePublished":"2021-02-24T05:19:03+00:00","mainEntityOfPage":{"@id":"https:\/\/schwarzmueller.com\/de\/trotz-corona-den-umsatz-von-2019-eingestellt\/"},"wordCount":910,"publisher":{"@id":"https:\/\/schwarzmueller.com\/en\/#organization"},"image":{"@id":"https:\/\/schwarzmueller.com\/de\/trotz-corona-den-umsatz-von-2019-eingestellt\/#primaryimage"},"thumbnailUrl":"https:\/\/schwarzmueller.com\/wp-content\/uploads\/2024\/03\/csm_schwarzmueller_hanzing_red_ed8903e036.jpg","articleSection":["Uncategorized @cs"],"inLanguage":"cs"},{"@type":"WebPage","@id":"https:\/\/schwarzmueller.com\/de\/trotz-corona-den-umsatz-von-2019-eingestellt\/","url":"https:\/\/schwarzmueller.com\/de\/trotz-corona-den-umsatz-von-2019-eingestellt\/","name":"Navzdory Covidu-19 se prodej v roce 2020 nezastavil. - Schwarzm\u00fcller","isPartOf":{"@id":"https:\/\/schwarzmueller.com\/en\/#website"},"primaryImageOfPage":{"@id":"https:\/\/schwarzmueller.com\/de\/trotz-corona-den-umsatz-von-2019-eingestellt\/#primaryimage"},"image":{"@id":"https:\/\/schwarzmueller.com\/de\/trotz-corona-den-umsatz-von-2019-eingestellt\/#primaryimage"},"thumbnailUrl":"https:\/\/schwarzmueller.com\/wp-content\/uploads\/2024\/03\/csm_schwarzmueller_hanzing_red_ed8903e036.jpg","datePublished":"2021-02-24T05:19:03+00:00","breadcrumb":{"@id":"https:\/\/schwarzmueller.com\/de\/trotz-corona-den-umsatz-von-2019-eingestellt\/#breadcrumb"},"inLanguage":"cs","potentialAction":[{"@type":"ReadAction","target":["https:\/\/schwarzmueller.com\/de\/trotz-corona-den-umsatz-von-2019-eingestellt\/"]}]},{"@type":"ImageObject","inLanguage":"cs","@id":"https:\/\/schwarzmueller.com\/de\/trotz-corona-den-umsatz-von-2019-eingestellt\/#primaryimage","url":"https:\/\/schwarzmueller.com\/wp-content\/uploads\/2024\/03\/csm_schwarzmueller_hanzing_red_ed8903e036.jpg","contentUrl":"https:\/\/schwarzmueller.com\/wp-content\/uploads\/2024\/03\/csm_schwarzmueller_hanzing_red_ed8903e036.jpg","width":768,"height":513,"caption":"Nov\u00e1 linkov\u00e1 v\u00fdroba zv\u00fd\u0161ila odolnost skupiny Schwarzm\u00fcller. To bylo prok\u00e1z\u00e1no v roce 2020."},{"@type":"BreadcrumbList","@id":"https:\/\/schwarzmueller.com\/de\/trotz-corona-den-umsatz-von-2019-eingestellt\/#breadcrumb","itemListElement":[{"@type":"ListItem","position":1,"name":"Home","item":"https:\/\/schwarzmueller.com\/cs\/home-2\/"},{"@type":"ListItem","position":2,"name":"Navzdory Covidu-19 se prodej v roce 2020 nezastavil."}]},{"@type":"WebSite","@id":"https:\/\/schwarzmueller.com\/en\/#website","url":"https:\/\/schwarzmueller.com\/en\/","name":"Schwarzm\u00fcller | Intelligente Fahrzeuge","description":"Ganz auf exzellente Fahrzeugtechnik gebaut","publisher":{"@id":"https:\/\/schwarzmueller.com\/en\/#organization"},"alternateName":"Schwarzm\u00fcller","potentialAction":[{"@type":"SearchAction","target":{"@type":"EntryPoint","urlTemplate":"https:\/\/schwarzmueller.com\/en\/?s={search_term_string}"},"query-input":{"@type":"PropertyValueSpecification","valueRequired":true,"valueName":"search_term_string"}}],"inLanguage":"cs"},{"@type":"Organization","@id":"https:\/\/schwarzmueller.com\/en\/#organization","name":"Schwarzm\u00fcller","url":"https:\/\/schwarzmueller.com\/en\/","logo":{"@type":"ImageObject","inLanguage":"cs","@id":"https:\/\/schwarzmueller.com\/en\/#\/schema\/logo\/image\/","url":"https:\/\/schwarzmueller.com\/wp-content\/uploads\/2024\/05\/sm_icon_logo.svg","contentUrl":"https:\/\/schwarzmueller.com\/wp-content\/uploads\/2024\/05\/sm_icon_logo.svg","width":1,"height":1,"caption":"Schwarzm\u00fcller"},"image":{"@id":"https:\/\/schwarzmueller.com\/en\/#\/schema\/logo\/image\/"}},{"@type":"Person","@id":"https:\/\/schwarzmueller.com\/en\/#\/schema\/person\/1b3f17db980ba882a67bf06e04f3e9f9","name":"hamed jenabi","url":"https:\/\/schwarzmueller.com\/cs\/author\/hamed\/"}]}},"_links":{"self":[{"href":"https:\/\/schwarzmueller.com\/cs\/wp-json\/wp\/v2\/posts\/51375","targetHints":{"allow":["GET"]}}],"collection":[{"href":"https:\/\/schwarzmueller.com\/cs\/wp-json\/wp\/v2\/posts"}],"about":[{"href":"https:\/\/schwarzmueller.com\/cs\/wp-json\/wp\/v2\/types\/post"}],"author":[{"embeddable":true,"href":"https:\/\/schwarzmueller.com\/cs\/wp-json\/wp\/v2\/users\/5"}],"replies":[{"embeddable":true,"href":"https:\/\/schwarzmueller.com\/cs\/wp-json\/wp\/v2\/comments?post=51375"}],"version-history":[{"count":0,"href":"https:\/\/schwarzmueller.com\/cs\/wp-json\/wp\/v2\/posts\/51375\/revisions"}],"wp:featuredmedia":[{"embeddable":true,"href":"https:\/\/schwarzmueller.com\/cs\/wp-json\/wp\/v2\/media\/35077"}],"wp:attachment":[{"href":"https:\/\/schwarzmueller.com\/cs\/wp-json\/wp\/v2\/media?parent=51375"}],"wp:term":[{"taxonomy":"category","embeddable":true,"href":"https:\/\/schwarzmueller.com\/cs\/wp-json\/wp\/v2\/categories?post=51375"},{"taxonomy":"post_tag","embeddable":true,"href":"https:\/\/schwarzmueller.com\/cs\/wp-json\/wp\/v2\/tags?post=51375"}],"curies":[{"name":"wp","href":"https:\/\/api.w.org\/{rel}","templated":true}]}}