{"id":51373,"date":"2021-01-27T07:52:36","date_gmt":"2021-01-27T06:52:36","guid":{"rendered":"https:\/\/schwarzmueller.com\/trefa-do-cerneho-150-let-schwarzmueller\/"},"modified":"2021-01-27T07:52:36","modified_gmt":"2021-01-27T06:52:36","slug":"trefa-do-cerneho-150-let-schwarzmueller","status":"publish","type":"post","link":"https:\/\/schwarzmueller.com\/cs\/trefa-do-cerneho-150-let-schwarzmueller\/","title":{"rendered":"Trefa do \u010dern\u00e9ho: 150 let Schwarzm\u00fcller"},"content":{"rendered":"<p>V roce 2021 se skupina Schwarzm\u00fcller m\u016f\u017ee ohl\u00e9dnout za 150 lety rozmanit\u00e9 a mezin\u00e1rodn\u011b \u00fasp\u011b\u0161n\u00e9 historie spole\u010dnosti. Pr\u016fmyslov\u00e1 spole\u010dnost byla zalo\u017eena v Pasov\u011b v roce 1871 jako kov\u00e1rna, p\u0159est\u011bhovala se do Rakouska b\u011bhem sv\u011btov\u00e9 hospod\u00e1\u0159sk\u00e9 krize a od roku 1930 se zam\u011b\u0159uje na v\u00fdrobu vozidel. Dnes p\u016fsob\u00ed ve 21 evropsk\u00fd zem\u00edch a nab\u00edz\u00ed nej\u0161ir\u0161\u00ed portfolio n\u00e1v\u011bs\u016f, p\u0159\u00edv\u011bs\u016f a n\u00e1staveb n\u00e1kladn\u00edch vozidel v Evrop\u011b. \u201e\u00dasp\u011b\u0161n\u00e1 historie spole\u010dnosti je povinnost\u00ed d\u00e1le zlep\u0161ovat na\u0161e postaven\u00ed na trhu. Potenci\u00e1l tam je.\u201c, \u0159ekl CEO Roland Hartwig dne 27. ledna 2021, v s\u00eddle spole\u010dnosti v Hanzingu ve Freinbergu u m\u011bsta Sch\u00e4rding.<\/p>\n<p>Na konci roku 1871 ozn\u00e1mil Josef Schwarzm\u00fcller v Pasov\u011b, \u017ee zalo\u017eil kov\u00e1rnu v pasovsk\u00e9m Innstadtu, v ulici s p\u0159\u00edzna\u010dn\u00fdm pojmenov\u00e1n\u00edm Kov\u00e1\u0159sk\u00e1 ulice 12.<br \/> Toto ozn\u00e1men\u00ed z prosince t\u00e9ho\u017e roku je pova\u017eov\u00e1no za zakl\u00e1daj\u00edc\u00ed dokument spole\u010dnosti, kter\u00e1 je dnes jedn\u00edm z p\u0159edn\u00edch evropsk\u00fdch v\u00fdrobc\u016f p\u0159\u00edv\u011bs\u016f, n\u00e1v\u011bs\u016f a n\u00e1staveb n\u00e1kladn\u00edch vozidel. To se stalo zn\u00e1m\u00fdm a\u017e d\u00edky historick\u00e9mu v\u00fdzkumu Dr. Herberta Wurstera, b\u00fdval\u00e9ho vedouc\u00edho archivu diec\u00e9ze Pasov.<br \/> K v\u00fdro\u010d\u00ed rekonstruoval historii z dokument\u016f a opravil rok zalo\u017een\u00ed z 1870 na rok 1871. \u201eKronika na\u0161\u00ed spole\u010dnosti je prvn\u00edm velk\u00fdm projektem v jubilejn\u00edm roce. Spole\u010dnost s tradic\u00ed mus\u00ed v\u011bd\u011bt, odkud poch\u00e1z\u00ed, aby se mohla rozhodnout, kam bude sm\u011b\u0159ovat\u201c, zd\u016fraznil CEO Hartwig. P\u011bt generac\u00ed rodiny majitele Schwarzm\u00fcller zas\u00e1hla svou d\u016fslednou v\u00fdvojovou prac\u00ed do \u010dern\u00e9ho a vyvinulo evropsk\u00e9ho l\u00eddra ve sv\u00e9m odv\u011btv\u00ed.<\/p>\n<p><strong>Ji\u017e od ran\u00e9ho stadia byla pozornost zam\u011b\u0159ena na v\u00fdrobu vozidla<\/strong><\/p>\n<p>Ke kov\u00e1rn\u011b se v 19. stolet\u00ed p\u0159idalo i kola\u0159stv\u00ed. D\u00edky tomu vznikla tehdy je\u0161t\u011b ne zcela b\u011b\u017en\u00e1 v\u00fdroba vozidel, \u017eivnost, kterou Schwarzm\u00fcller ve 30. letech zaregistroval na \u00fa\u0159ad\u011b.<br \/> Ve zmatku glob\u00e1ln\u00ed hospod\u00e1\u0159sk\u00e9 krize se rostouc\u00ed podnik p\u0159est\u011bhoval do nedalek\u00e9ho rakousk\u00e9ho Freinbergu a v roce 1936 postavil tov\u00e1rnu v \u010d\u00e1sti obce Hanzing, kter\u00e1 je dodnes s\u00eddlem spole\u010dnosti. Pl\u00e1n byl jin\u00fd: Velkon\u011bmeck\u00e1 \u0159\u00ed\u0161e pl\u00e1novala v t\u00e9to oblasti d\u00e1lnici a cht\u011bli vyu\u017e\u00edt tuto modern\u00ed infrastrukturu.<br \/> D\u00e1lnice se nepostavila, z\u00e1vod zde dodnes stoj\u00ed. Pracuje zde 750 zam\u011bstnanc\u016f, v\u00edc jak polovina ve v\u00fdrob\u011b. D\u00edky tomu je Schwarzm\u00fcller jedn\u00edm z nejv\u011bt\u0161\u00edch zam\u011bstnavatel\u016f v Innviertelu.<\/p>\n<p><strong>C\u00edlen\u00e1 expanze na v\u00fdchod<\/strong><\/p>\n<p>B\u011bhem hospod\u00e1\u0159sk\u00e9ho z\u00e1zraku za\u010dala spole\u010dnost zakl\u00e1dat s\u00ed\u0165 pobo\u010dek v Rakousku a v 90. letech se stala l\u00eddrem na dom\u00e1c\u00edm trhu. P\u0159ibli\u017en\u011b ve stejnou dobu bylo rozhodnuto d\u016fsledn\u011b expandovat do zem\u00ed za \u017eeleznou oponou. Vznikly z\u00e1vody v Ma\u010farsku a \u010cesk\u00e9 republice a od roku 2020 je \u010dtvrt\u00fd z\u00e1vod v N\u011bmecku. Schwarzm\u00fcller je v sou\u010dasn\u00e9 dob\u011b l\u00eddrem na trhu v Rakousku, \u0160v\u00fdcarsku, Ma\u010farsku, \u010cesk\u00e9 republice a na Slovensku. V\u00edce ne\u017e 2.000 lid\u00ed pracuj\u00ed na tom, aby bylo 150 r\u016fzn\u00fdch typ\u016f vozidel \u00fasp\u011b\u0161n\u011b prod\u00e1no v 21 zem\u00edch. Ro\u010dn\u011b se prod\u00e1 kolem 10.000 kus\u016f.<\/p>\n<p><strong>Poskytovatel pr\u00e9miov\u00e9 nab\u00eddky se z\u00e1rukou p\u0159idan\u00e9 hodnoty<\/strong><\/p>\n<p>Tohoto postaven\u00ed na trhu bylo dosa\u017eeno, i kdy\u017e spole\u010dnost ve skute\u010dnosti nedosahuje maxim\u00e1ln\u00edch prodejn\u00edch \u00fadaj\u016f u standardn\u00edch produkt\u016f, ale zam\u011b\u0159uje se na vy\u0161\u0161\u00ed v\u00fdkon sv\u00fdch vozidel. P\u0159\u00edv\u011bsy Schwarzm\u00fcller jsou pr\u00e9miov\u00e9 produkty pro p\u0159epravce, kte\u0159\u00ed cht\u011bj\u00ed p\u0159idat v\u011bt\u0161\u00ed hodnotu. \u201eJsme schopni p\u0159izp\u016fsobit na\u0161e produkty jak\u00e9mukoli pracovn\u00edmu prost\u0159ed\u00ed. Pak p\u0159in\u00e1\u0161ej\u00ed p\u0159idanou hodnotu\u201c, vysv\u011btluje Hartwig. Schwarzm\u00fcller nab\u00edz\u00ed 50 r\u016fzn\u00fdch variant skl\u00e1p\u011b\u010d\u016f. Vedle skl\u00e1p\u011b\u010d\u016f vyr\u00e1b\u011bj\u00ed i n\u00edzkolo\u017en\u00e9 n\u00e1v\u011bsy, n\u00e1v\u011bsy s posuvnou podlahou, cisternov\u00e1 vozidla, vozidla pro p\u0159epravu d\u0159eva a kontejneru, a tak\u00e9 n\u00e1v\u011bsy pro d\u00e1lkovou p\u0159epravu.<\/p>\n<p>\u201eV jubilejn\u00edm roce c\u00edt\u00edme, \u017ee m\u00e1me optim\u00e1ln\u00ed postaven\u00ed, abychom byli v Evrop\u011b je\u0161t\u011b siln\u011bj\u0161\u00ed\u201c, Hartwig si je jist\u00fd. Schwarzm\u00fcller se m\u016f\u017ee spolehnout na sv\u00e9 dovednosti ve stavebnictv\u00ed a zpracov\u00e1n\u00ed kov\u016f i na svou dynamickou organizaci. Zcela nov\u011b p\u0159estav\u011bn\u00e1 linkov\u00e1 v\u00fdroba pomohla oslavit v jubilejn\u00edm roce dal\u0161\u00ed \u00fasp\u011bchy s nejlep\u0161\u00edm portfoliem vozidel v historii spole\u010dnosti, dodal Hartwig s jistotou.<br \/> &nbsp;<\/p>\n<p class=\"small\">Skupina Schwarzm\u00fcller je jedn\u00edm z nejv\u011bt\u0161\u00edch evropsk\u00fdch poskytovatel\u016f ta\u017en\u00fdch u\u017eitkov\u00fdch vozidel. D\u00edky sv\u00e9 prvot\u0159\u00eddn\u00ed orientaci spole\u010dnost nastavuje m\u011b\u0159\u00edtka v tomto odv\u011btv\u00ed a d\u00edky 150 let\u016fm zku\u0161enost\u00ed je specialistou na individu\u00e1ln\u00ed dopravn\u00ed \u0159e\u0161en\u00ed v n\u00e1ro\u010dn\u00fdch pr\u016fmyslov\u00fdch odv\u011btv\u00edch. S vozidly obou zna\u010dek Schwarzm\u00fcller a H\u00fcffermann dod\u00e1v\u00e1 spole\u010dnost pro stavebn\u00ed pr\u016fmysl, infrastrukturn\u00ed spole\u010dnosti, pr\u016fmysl surovin a recyklovateln\u00fdch materi\u00e1l\u016f a d\u00e1lkov\u00e9 dopravn\u00ed spole\u010dnosti.<\/p>\n<p> Pro v\u00edce informac\u00ed:<br \/> Mag. Michael Prock, Prock und Prock Marktkommunikation GmbH, tiskov\u00fd mluv\u010d\u00ed<br \/> Lasserstra\u00dfe 13\/1, 5020 Salzburg, \u00d6sterreich mp@prock-prock.at, T +43 662 821155-0<\/p>\n","protected":false},"excerpt":{"rendered":"<ul>\n<li>Z Pasova do Rakouska a Evropy<\/li>\n<li>Rok zalo\u017een\u00ed opraven na z\u00e1klad\u011b historick\u00e9ho v\u00fdzkumu<\/li>\n<li>Pl\u00e1novan\u00e9 roz\u0161\u00ed\u0159en\u00ed postaven\u00ed na mezin\u00e1rodn\u00edm trhu<\/li>\n<\/ul>\n","protected":false},"author":5,"featured_media":36040,"comment_status":"closed","ping_status":"open","sticky":false,"template":"","format":"standard","meta":{"_acf_changed":false,"_relevanssi_hide_post":"","_relevanssi_hide_content":"","_relevanssi_pin_for_all":"","_relevanssi_pin_keywords":"","_relevanssi_unpin_keywords":"","_relevanssi_related_keywords":"","_relevanssi_related_include_ids":"","_relevanssi_related_exclude_ids":"","_relevanssi_related_no_append":"","_relevanssi_related_not_related":"","_relevanssi_related_posts":"","_relevanssi_noindex_reason":"","footnotes":""},"categories":[7011],"tags":[],"class_list":["post-51373","post","type-post","status-publish","format-standard","has-post-thumbnail","hentry","category-uncategorized-cs"],"acf":[],"yoast_head":"<!-- This site is optimized with the Yoast SEO Premium plugin v26.4 (Yoast SEO v27.2) - https:\/\/yoast.com\/product\/yoast-seo-premium-wordpress\/ -->\n<title>Trefa do \u010dern\u00e9ho: 150 let Schwarzm\u00fcller - Schwarzm\u00fcller<\/title>\n<meta name=\"robots\" content=\"index, follow, max-snippet:-1, max-image-preview:large, max-video-preview:-1\" \/>\n<link rel=\"canonical\" href=\"https:\/\/schwarzmueller.com\/de\/voll-ins-schwarze-150-jahre-schwarzmueller\/\" \/>\n<meta property=\"og:locale\" content=\"cs_CZ\" \/>\n<meta property=\"og:type\" content=\"article\" \/>\n<meta property=\"og:title\" content=\"Trefa do \u010dern\u00e9ho: 150 let Schwarzm\u00fcller\" \/>\n<meta property=\"og:description\" content=\"Z Pasova do Rakouska a Evropy Rok zalo\u017een\u00ed opraven na z\u00e1klad\u011b historick\u00e9ho v\u00fdzkumu Pl\u00e1novan\u00e9 roz\u0161\u00ed\u0159en\u00ed postaven\u00ed na mezin\u00e1rodn\u00edm trhu\" \/>\n<meta property=\"og:url\" content=\"https:\/\/schwarzmueller.com\/de\/voll-ins-schwarze-150-jahre-schwarzmueller\/\" \/>\n<meta property=\"og:site_name\" content=\"Schwarzm\u00fcller\" \/>\n<meta property=\"article:published_time\" content=\"2021-01-27T06:52:36+00:00\" \/>\n<meta property=\"og:image\" content=\"https:\/\/schwarzmueller.com\/wp-content\/uploads\/2024\/03\/csm_adolf_neulinger_freinberg_red_30b5e9746e.jpg\" \/>\n\t<meta property=\"og:image:width\" content=\"768\" \/>\n\t<meta property=\"og:image:height\" content=\"505\" \/>\n\t<meta property=\"og:image:type\" content=\"image\/jpeg\" \/>\n<meta name=\"author\" content=\"hamed jenabi\" \/>\n<meta name=\"twitter:card\" content=\"summary_large_image\" \/>\n<meta name=\"twitter:label1\" content=\"Napsal(a)\" \/>\n\t<meta name=\"twitter:data1\" content=\"hamed jenabi\" \/>\n\t<meta name=\"twitter:label2\" content=\"Odhadovan\u00e1 doba \u010dten\u00ed\" \/>\n\t<meta name=\"twitter:data2\" content=\"5 minut\" \/>\n<script type=\"application\/ld+json\" class=\"yoast-schema-graph\">{\"@context\":\"https:\/\/schema.org\",\"@graph\":[{\"@type\":\"Article\",\"@id\":\"https:\/\/schwarzmueller.com\/de\/voll-ins-schwarze-150-jahre-schwarzmueller\/#article\",\"isPartOf\":{\"@id\":\"https:\/\/schwarzmueller.com\/de\/voll-ins-schwarze-150-jahre-schwarzmueller\/\"},\"author\":{\"name\":\"hamed jenabi\",\"@id\":\"https:\/\/schwarzmueller.com\/en\/#\/schema\/person\/1b3f17db980ba882a67bf06e04f3e9f9\"},\"headline\":\"Trefa do \u010dern\u00e9ho: 150 let Schwarzm\u00fcller\",\"datePublished\":\"2021-01-27T06:52:36+00:00\",\"mainEntityOfPage\":{\"@id\":\"https:\/\/schwarzmueller.com\/de\/voll-ins-schwarze-150-jahre-schwarzmueller\/\"},\"wordCount\":913,\"publisher\":{\"@id\":\"https:\/\/schwarzmueller.com\/en\/#organization\"},\"image\":{\"@id\":\"https:\/\/schwarzmueller.com\/de\/voll-ins-schwarze-150-jahre-schwarzmueller\/#primaryimage\"},\"thumbnailUrl\":\"https:\/\/schwarzmueller.com\/wp-content\/uploads\/2024\/03\/csm_adolf_neulinger_freinberg_red_30b5e9746e.jpg\",\"articleSection\":[\"Uncategorized @cs\"],\"inLanguage\":\"cs\"},{\"@type\":\"WebPage\",\"@id\":\"https:\/\/schwarzmueller.com\/de\/voll-ins-schwarze-150-jahre-schwarzmueller\/\",\"url\":\"https:\/\/schwarzmueller.com\/de\/voll-ins-schwarze-150-jahre-schwarzmueller\/\",\"name\":\"Trefa do \u010dern\u00e9ho: 150 let Schwarzm\u00fcller - Schwarzm\u00fcller\",\"isPartOf\":{\"@id\":\"https:\/\/schwarzmueller.com\/en\/#website\"},\"primaryImageOfPage\":{\"@id\":\"https:\/\/schwarzmueller.com\/de\/voll-ins-schwarze-150-jahre-schwarzmueller\/#primaryimage\"},\"image\":{\"@id\":\"https:\/\/schwarzmueller.com\/de\/voll-ins-schwarze-150-jahre-schwarzmueller\/#primaryimage\"},\"thumbnailUrl\":\"https:\/\/schwarzmueller.com\/wp-content\/uploads\/2024\/03\/csm_adolf_neulinger_freinberg_red_30b5e9746e.jpg\",\"datePublished\":\"2021-01-27T06:52:36+00:00\",\"breadcrumb\":{\"@id\":\"https:\/\/schwarzmueller.com\/de\/voll-ins-schwarze-150-jahre-schwarzmueller\/#breadcrumb\"},\"inLanguage\":\"cs\",\"potentialAction\":[{\"@type\":\"ReadAction\",\"target\":[\"https:\/\/schwarzmueller.com\/de\/voll-ins-schwarze-150-jahre-schwarzmueller\/\"]}]},{\"@type\":\"ImageObject\",\"inLanguage\":\"cs\",\"@id\":\"https:\/\/schwarzmueller.com\/de\/voll-ins-schwarze-150-jahre-schwarzmueller\/#primaryimage\",\"url\":\"https:\/\/schwarzmueller.com\/wp-content\/uploads\/2024\/03\/csm_adolf_neulinger_freinberg_red_30b5e9746e.jpg\",\"contentUrl\":\"https:\/\/schwarzmueller.com\/wp-content\/uploads\/2024\/03\/csm_adolf_neulinger_freinberg_red_30b5e9746e.jpg\",\"width\":768,\"height\":505,\"caption\":\"Schwarzm\u00fcller se pod\u00edlel na konstrukci vozidel ji\u017e ve 30. letech.\"},{\"@type\":\"BreadcrumbList\",\"@id\":\"https:\/\/schwarzmueller.com\/de\/voll-ins-schwarze-150-jahre-schwarzmueller\/#breadcrumb\",\"itemListElement\":[{\"@type\":\"ListItem\",\"position\":1,\"name\":\"Home\",\"item\":\"https:\/\/schwarzmueller.com\/cs\/home-2\/\"},{\"@type\":\"ListItem\",\"position\":2,\"name\":\"Trefa do \u010dern\u00e9ho: 150 let Schwarzm\u00fcller\"}]},{\"@type\":\"WebSite\",\"@id\":\"https:\/\/schwarzmueller.com\/en\/#website\",\"url\":\"https:\/\/schwarzmueller.com\/en\/\",\"name\":\"Schwarzm\u00fcller | Intelligente Fahrzeuge\",\"description\":\"Ganz auf exzellente Fahrzeugtechnik gebaut\",\"publisher\":{\"@id\":\"https:\/\/schwarzmueller.com\/en\/#organization\"},\"alternateName\":\"Schwarzm\u00fcller\",\"potentialAction\":[{\"@type\":\"SearchAction\",\"target\":{\"@type\":\"EntryPoint\",\"urlTemplate\":\"https:\/\/schwarzmueller.com\/en\/?s={search_term_string}\"},\"query-input\":{\"@type\":\"PropertyValueSpecification\",\"valueRequired\":true,\"valueName\":\"search_term_string\"}}],\"inLanguage\":\"cs\"},{\"@type\":\"Organization\",\"@id\":\"https:\/\/schwarzmueller.com\/en\/#organization\",\"name\":\"Schwarzm\u00fcller\",\"url\":\"https:\/\/schwarzmueller.com\/en\/\",\"logo\":{\"@type\":\"ImageObject\",\"inLanguage\":\"cs\",\"@id\":\"https:\/\/schwarzmueller.com\/en\/#\/schema\/logo\/image\/\",\"url\":\"https:\/\/schwarzmueller.com\/wp-content\/uploads\/2024\/05\/sm_icon_logo.svg\",\"contentUrl\":\"https:\/\/schwarzmueller.com\/wp-content\/uploads\/2024\/05\/sm_icon_logo.svg\",\"width\":1,\"height\":1,\"caption\":\"Schwarzm\u00fcller\"},\"image\":{\"@id\":\"https:\/\/schwarzmueller.com\/en\/#\/schema\/logo\/image\/\"}},{\"@type\":\"Person\",\"@id\":\"https:\/\/schwarzmueller.com\/en\/#\/schema\/person\/1b3f17db980ba882a67bf06e04f3e9f9\",\"name\":\"hamed jenabi\",\"url\":\"https:\/\/schwarzmueller.com\/cs\/author\/hamed\/\"}]}<\/script>\n<!-- \/ Yoast SEO Premium plugin. -->","yoast_head_json":{"title":"Trefa do \u010dern\u00e9ho: 150 let Schwarzm\u00fcller - Schwarzm\u00fcller","robots":{"index":"index","follow":"follow","max-snippet":"max-snippet:-1","max-image-preview":"max-image-preview:large","max-video-preview":"max-video-preview:-1"},"canonical":"https:\/\/schwarzmueller.com\/de\/voll-ins-schwarze-150-jahre-schwarzmueller\/","og_locale":"cs_CZ","og_type":"article","og_title":"Trefa do \u010dern\u00e9ho: 150 let Schwarzm\u00fcller","og_description":"Z Pasova do Rakouska a Evropy Rok zalo\u017een\u00ed opraven na z\u00e1klad\u011b historick\u00e9ho v\u00fdzkumu Pl\u00e1novan\u00e9 roz\u0161\u00ed\u0159en\u00ed postaven\u00ed na mezin\u00e1rodn\u00edm trhu","og_url":"https:\/\/schwarzmueller.com\/de\/voll-ins-schwarze-150-jahre-schwarzmueller\/","og_site_name":"Schwarzm\u00fcller","article_published_time":"2021-01-27T06:52:36+00:00","og_image":[{"width":768,"height":505,"url":"https:\/\/schwarzmueller.com\/wp-content\/uploads\/2024\/03\/csm_adolf_neulinger_freinberg_red_30b5e9746e.jpg","type":"image\/jpeg"}],"author":"hamed jenabi","twitter_card":"summary_large_image","twitter_misc":{"Napsal(a)":"hamed jenabi","Odhadovan\u00e1 doba \u010dten\u00ed":"5 minut"},"schema":{"@context":"https:\/\/schema.org","@graph":[{"@type":"Article","@id":"https:\/\/schwarzmueller.com\/de\/voll-ins-schwarze-150-jahre-schwarzmueller\/#article","isPartOf":{"@id":"https:\/\/schwarzmueller.com\/de\/voll-ins-schwarze-150-jahre-schwarzmueller\/"},"author":{"name":"hamed jenabi","@id":"https:\/\/schwarzmueller.com\/en\/#\/schema\/person\/1b3f17db980ba882a67bf06e04f3e9f9"},"headline":"Trefa do \u010dern\u00e9ho: 150 let Schwarzm\u00fcller","datePublished":"2021-01-27T06:52:36+00:00","mainEntityOfPage":{"@id":"https:\/\/schwarzmueller.com\/de\/voll-ins-schwarze-150-jahre-schwarzmueller\/"},"wordCount":913,"publisher":{"@id":"https:\/\/schwarzmueller.com\/en\/#organization"},"image":{"@id":"https:\/\/schwarzmueller.com\/de\/voll-ins-schwarze-150-jahre-schwarzmueller\/#primaryimage"},"thumbnailUrl":"https:\/\/schwarzmueller.com\/wp-content\/uploads\/2024\/03\/csm_adolf_neulinger_freinberg_red_30b5e9746e.jpg","articleSection":["Uncategorized @cs"],"inLanguage":"cs"},{"@type":"WebPage","@id":"https:\/\/schwarzmueller.com\/de\/voll-ins-schwarze-150-jahre-schwarzmueller\/","url":"https:\/\/schwarzmueller.com\/de\/voll-ins-schwarze-150-jahre-schwarzmueller\/","name":"Trefa do \u010dern\u00e9ho: 150 let Schwarzm\u00fcller - Schwarzm\u00fcller","isPartOf":{"@id":"https:\/\/schwarzmueller.com\/en\/#website"},"primaryImageOfPage":{"@id":"https:\/\/schwarzmueller.com\/de\/voll-ins-schwarze-150-jahre-schwarzmueller\/#primaryimage"},"image":{"@id":"https:\/\/schwarzmueller.com\/de\/voll-ins-schwarze-150-jahre-schwarzmueller\/#primaryimage"},"thumbnailUrl":"https:\/\/schwarzmueller.com\/wp-content\/uploads\/2024\/03\/csm_adolf_neulinger_freinberg_red_30b5e9746e.jpg","datePublished":"2021-01-27T06:52:36+00:00","breadcrumb":{"@id":"https:\/\/schwarzmueller.com\/de\/voll-ins-schwarze-150-jahre-schwarzmueller\/#breadcrumb"},"inLanguage":"cs","potentialAction":[{"@type":"ReadAction","target":["https:\/\/schwarzmueller.com\/de\/voll-ins-schwarze-150-jahre-schwarzmueller\/"]}]},{"@type":"ImageObject","inLanguage":"cs","@id":"https:\/\/schwarzmueller.com\/de\/voll-ins-schwarze-150-jahre-schwarzmueller\/#primaryimage","url":"https:\/\/schwarzmueller.com\/wp-content\/uploads\/2024\/03\/csm_adolf_neulinger_freinberg_red_30b5e9746e.jpg","contentUrl":"https:\/\/schwarzmueller.com\/wp-content\/uploads\/2024\/03\/csm_adolf_neulinger_freinberg_red_30b5e9746e.jpg","width":768,"height":505,"caption":"Schwarzm\u00fcller se pod\u00edlel na konstrukci vozidel ji\u017e ve 30. letech."},{"@type":"BreadcrumbList","@id":"https:\/\/schwarzmueller.com\/de\/voll-ins-schwarze-150-jahre-schwarzmueller\/#breadcrumb","itemListElement":[{"@type":"ListItem","position":1,"name":"Home","item":"https:\/\/schwarzmueller.com\/cs\/home-2\/"},{"@type":"ListItem","position":2,"name":"Trefa do \u010dern\u00e9ho: 150 let Schwarzm\u00fcller"}]},{"@type":"WebSite","@id":"https:\/\/schwarzmueller.com\/en\/#website","url":"https:\/\/schwarzmueller.com\/en\/","name":"Schwarzm\u00fcller | Intelligente Fahrzeuge","description":"Ganz auf exzellente Fahrzeugtechnik gebaut","publisher":{"@id":"https:\/\/schwarzmueller.com\/en\/#organization"},"alternateName":"Schwarzm\u00fcller","potentialAction":[{"@type":"SearchAction","target":{"@type":"EntryPoint","urlTemplate":"https:\/\/schwarzmueller.com\/en\/?s={search_term_string}"},"query-input":{"@type":"PropertyValueSpecification","valueRequired":true,"valueName":"search_term_string"}}],"inLanguage":"cs"},{"@type":"Organization","@id":"https:\/\/schwarzmueller.com\/en\/#organization","name":"Schwarzm\u00fcller","url":"https:\/\/schwarzmueller.com\/en\/","logo":{"@type":"ImageObject","inLanguage":"cs","@id":"https:\/\/schwarzmueller.com\/en\/#\/schema\/logo\/image\/","url":"https:\/\/schwarzmueller.com\/wp-content\/uploads\/2024\/05\/sm_icon_logo.svg","contentUrl":"https:\/\/schwarzmueller.com\/wp-content\/uploads\/2024\/05\/sm_icon_logo.svg","width":1,"height":1,"caption":"Schwarzm\u00fcller"},"image":{"@id":"https:\/\/schwarzmueller.com\/en\/#\/schema\/logo\/image\/"}},{"@type":"Person","@id":"https:\/\/schwarzmueller.com\/en\/#\/schema\/person\/1b3f17db980ba882a67bf06e04f3e9f9","name":"hamed jenabi","url":"https:\/\/schwarzmueller.com\/cs\/author\/hamed\/"}]}},"_links":{"self":[{"href":"https:\/\/schwarzmueller.com\/cs\/wp-json\/wp\/v2\/posts\/51373","targetHints":{"allow":["GET"]}}],"collection":[{"href":"https:\/\/schwarzmueller.com\/cs\/wp-json\/wp\/v2\/posts"}],"about":[{"href":"https:\/\/schwarzmueller.com\/cs\/wp-json\/wp\/v2\/types\/post"}],"author":[{"embeddable":true,"href":"https:\/\/schwarzmueller.com\/cs\/wp-json\/wp\/v2\/users\/5"}],"replies":[{"embeddable":true,"href":"https:\/\/schwarzmueller.com\/cs\/wp-json\/wp\/v2\/comments?post=51373"}],"version-history":[{"count":0,"href":"https:\/\/schwarzmueller.com\/cs\/wp-json\/wp\/v2\/posts\/51373\/revisions"}],"wp:featuredmedia":[{"embeddable":true,"href":"https:\/\/schwarzmueller.com\/cs\/wp-json\/wp\/v2\/media\/36040"}],"wp:attachment":[{"href":"https:\/\/schwarzmueller.com\/cs\/wp-json\/wp\/v2\/media?parent=51373"}],"wp:term":[{"taxonomy":"category","embeddable":true,"href":"https:\/\/schwarzmueller.com\/cs\/wp-json\/wp\/v2\/categories?post=51373"},{"taxonomy":"post_tag","embeddable":true,"href":"https:\/\/schwarzmueller.com\/cs\/wp-json\/wp\/v2\/tags?post=51373"}],"curies":[{"name":"wp","href":"https:\/\/api.w.org\/{rel}","templated":true}]}}